{"id":917,"date":"2024-11-23T19:37:08","date_gmt":"2024-11-23T18:37:08","guid":{"rendered":"https:\/\/gyermeksebeszet.hu\/?p=917"},"modified":"2024-11-24T09:45:47","modified_gmt":"2024-11-24T08:45:47","slug":"lagyekserv-gyermekeknel","status":"publish","type":"post","link":"https:\/\/gyermeksebeszet.hu\/en\/lagyekserv-gyermekeknel\/","title":{"rendered":"Mi az a l\u00e1gy\u00e9ks\u00e9rv, \u00e9s hogyan ismerheted fel gyermekekn\u00e9l?"},"content":{"rendered":"<div class=\"wp-block-wpseopress-table-of-contents\"><h2>Tartalomjegyz\u00e9k<\/h2><nav><ul><li><a href=\"#brstrongmi-az-a-lagyekserv-es-miert-alakul-ki-gyermekeknel-strong\">Mi az a l\u00e1gy\u00e9ks\u00e9rv, \u00e9s mi\u00e9rt alakul ki gyermekekn\u00e9l?<\/a><ul><li><a href=\"#brstrongmiert-erintettek-a-gyermekek-strong\">Mi\u00e9rt \u00e9rintettek a gyermekek?<\/a><\/li><li><a href=\"#brstronghogyan-ismerheted-fel-a-lagyekservet-strong\">Hogyan ismerheted fel a l\u00e1gy\u00e9ks\u00e9rvet?<\/a><\/li><li><a href=\"#brstrongtunetek-amelyekre-figyelj-strong\">T\u00fcnetek, amelyekre figyelj:<\/a><\/li><\/ul><\/li><li><a href=\"#strongmikor-kell-azonnal-orvoshoz-fordulnod-strong\">Mikor kell azonnal orvoshoz fordulnod?<\/a><\/li><li><a href=\"#stronga-lagyekserv-veszelyei-strong\">A l\u00e1gy\u00e9ks\u00e9rv vesz\u00e9lyei<\/a><ul><li><a href=\"#strongmi-tortenik-ha-nem-kezelik-strong\">Mi t\u00f6rt\u00e9nik, ha nem kezelik?<\/a><\/li><\/ul><\/li><li><a href=\"#stronghogyan-kezelik-a-lagyekservet-gyermekeknel-strong\">Hogyan kezelik a l\u00e1gy\u00e9ks\u00e9rvet gyermekekn\u00e9l?<\/a><ul><li><a href=\"#stronga-mutet-menete-strong\">A m\u0171t\u00e9t menete:<\/a><\/li><li><a href=\"#strongmennyi-ido-a-felepules-strong\">Mennyi id\u0151 a fel\u00e9p\u00fcl\u00e9s?<\/a><\/li><li><a href=\"#stronghogyan-segithetsz-szulokent-strong\">Hogyan seg\u00edthetsz sz\u00fcl\u0151k\u00e9nt?<\/a><\/li><li><a href=\"#stronggyakran-ismetelt-kerdesek-a-lagyekservrol-strong\">Gyakran ism\u00e9telt k\u00e9rd\u00e9sek a l\u00e1gy\u00e9ks\u00e9rvr\u0151l<\/a><\/li><\/ul><\/li><li><a href=\"#strongzaro-gondolatok-strong\">Z\u00e1r\u00f3 gondolatok<\/a><\/li><li><a href=\"#strongvan-kerdese-vagy-aggodik-gyermekeert-keressen-bizalommal-strong\">Van k\u00e9rd\u00e9se, vagy agg\u00f3dik gyermek\u00e9\u00e9rt? Keressen bizalommal!<\/a><ul><li><a href=\"#strongelerhetosegek-strong\">El\u00e9rhet\u0151s\u00e9gek:<\/a><\/li><\/ul><\/li><li><a href=\"#strongrendeleseim-elerhetoek-debrecenben-es-nyiregyhazan-is-strong\">Rendel\u00e9seim el\u00e9rhet\u0151ek Debrecenben \u00e9s Ny\u00edregyh\u00e1z\u00e1n is!<\/a><\/li><\/ul><\/nav><\/div>\n\n\n\n<div style=\"height:35px\" aria-hidden=\"true\" class=\"wp-block-spacer\"><\/div>\n\n\n\n<p class=\"has-text-align-center has-black-color has-text-color has-link-color wp-elements-b6f9b32536702cae1c822f55e8fe34d8\" style=\"font-size:26px\">Agg\u00f3d\u00f3 sz\u00fcl\u0151k figyelem!<\/p>\n\n\n\n<p class=\"has-text-align-center has-black-color has-text-color has-link-color wp-elements-9190a751868dc3e4d174c6ed09c2fc63\" style=\"font-size:18px\"><br>Ha valaha \u00e9szrevett\u00e9l egy kis kidudorod\u00e1st a gyermeked has\u00e1n vagy l\u00e1gy\u00e9k\u00e1n\u00e1l, biztosan eszedbe jutott, hogy ez valami komoly dolog lehet. Sokan nem tudj\u00e1k, hogy az ilyen t\u00fcnet m\u00f6g\u00f6tt ak\u00e1r egy egyszer\u0171en kezelhet\u0151, de id\u0151ben figyelmet ig\u00e9nyl\u0151 \u00e1llapot, a<br><strong>l\u00e1gy\u00e9ks\u00e9rv <\/strong>is \u00e1llhat. Ebben a cikkben \u00e9rthet\u0151en, l\u00e9p\u00e9sr\u0151l l\u00e9p\u00e9sre elmagyar\u00e1zzuk, mi ez, hogyan alakul ki, \u00e9s mit kell tenned, ha a gyermeked \u00e9rintett.<\/p>\n\n\n\n<h2 class=\"wp-block-heading has-text-align-center\" id=\"brstrongmi-az-a-lagyekserv-es-miert-alakul-ki-gyermekeknel-strong\">Mi az a l\u00e1gy\u00e9ks\u00e9rv, \u00e9s mi\u00e9rt alakul ki gyermekekn\u00e9l?<\/h2>\n\n\n\n<p class=\"has-text-align-center has-black-color has-text-color has-link-color wp-elements-aba074d8bfb935df7fe2ded1249790f7\" style=\"font-size:18px\">A gyermekek test\u00e9ben a hasfal, ami a bels\u0151 szerveiket v\u00e9di, nagyon fontos v\u00e9delmi szerepet t\u00f6lt be. N\u00e9ha azonban ez a \u201efal\u201d nem fejl\u0151dik ki teljesen, vagy egy kis gyenge pont marad benne. Ez legink\u00e1bb akkor fordul el\u0151, ha a magzati fejl\u0151d\u00e9s sor\u00e1n a l\u00e1gy\u00e9kban tal\u00e1lhat\u00f3 ny\u00edl\u00e1s \u2013 amit orvosi nyelven \u201eprocessus vaginalis\u201d-nak h\u00edvnak \u2013 nem z\u00e1r\u00f3dik le. Ez a ny\u00edl\u00e1s a fi\u00fakn\u00e1l a her\u00e9k leereszked\u00e9s\u00e9t teszi lehet\u0151v\u00e9, l\u00e1nyokn\u00e1l pedig a m\u00e9h k\u00f6r\u00fcli sz\u00f6vetek \u00e1trendez\u0151d\u00e9s\u00e9ben van szerepe.<\/p>\n\n\n\n<h3 class=\"wp-block-heading has-text-align-center\" id=\"brstrongmiert-erintettek-a-gyermekek-strong\"><br>Mi\u00e9rt \u00e9rintettek a gyermekek?<\/h3>\n\n\n\n<p class=\"has-text-align-center has-black-color has-text-color has-link-color wp-elements-7a397039cc6ae35b64939575599f2d9a\" style=\"font-size:18px\">Gyermekekn\u00e9l a l\u00e1gy\u00e9ks\u00e9rv legink\u00e1bb egy&nbsp;<strong>velesz\u00fcletett \u00e1llapot<\/strong>, \u00e9s gyakrabban fordul el\u0151 fi\u00fakn\u00e1l, mivel az \u0151 l\u00e1gy\u00e9ki csatorn\u00e1juk anat\u00f3miailag kicsit bonyolultabb. A korasz\u00fcl\u00f6tt bab\u00e1k k\u00fcl\u00f6n\u00f6sen hajlamosak r\u00e1, mivel az \u0151 fejl\u0151d\u00e9s\u00fck m\u00e9g nem fejez\u0151d\u00f6tt be teljesen a sz\u00fclet\u00e9s el\u0151tt.<\/p>\n\n\n\n<h3 class=\"wp-block-heading has-text-align-center\" id=\"brstronghogyan-ismerheted-fel-a-lagyekservet-strong\">Hogyan ismerheted fel a l\u00e1gy\u00e9ks\u00e9rvet?<\/h3>\n\n\n\n<p class=\"has-text-align-center has-black-color has-text-color has-link-color wp-elements-2cf3c24011cf94a7c946c4419905731b\" style=\"font-size:18px\">Az els\u0151 dolog, amit sz\u00fcl\u0151k\u00e9nt \u00e9szrevehetsz, egy <strong>kis dudor vagy csom\u00f3 <\/strong>a gyermeked has\u00e1n\u00e1l, a l\u00e1gy\u00e9ki r\u00e9szen. Ez a dudor k\u00fcl\u00f6n\u00f6sen akkor l\u00e1tszik, amikor a gyermek s\u00edr, k\u00f6h\u00f6g vagy er\u0151lk\u00f6dik, p\u00e9ld\u00e1ul amikor kakil.<\/p>\n\n\n\n<h3 class=\"wp-block-heading has-text-align-center\" id=\"brstrongtunetek-amelyekre-figyelj-strong\">T\u00fcnetek, amelyekre figyelj:<\/h3>\n\n\n\n<ul class=\"wp-block-list\">\n<li class=\"has-black-color has-text-color has-link-color wp-elements-0b2609cb1ceb212e906a2fb515286258\" style=\"font-size:18px\"><strong>L\u00e1that\u00f3 dudor a l\u00e1gy\u00e9kban vagy a herezacsk\u00f3ban<\/strong>&nbsp;(fi\u00fakn\u00e1l). Ez a leggyakoribb jel, ami a s\u00e9rvre utal.\n<ul class=\"wp-block-list\">\n<li class=\"has-black-color has-text-color has-link-color wp-elements-3c667eb28c702d0ccfd4062ead3b3892\" style=\"font-size:18px\"><strong>F\u00e1jdalommentes vagy enyh\u00e9n kellemetlen \u00e9rz\u00e9s<\/strong>&nbsp;a l\u00e1gy\u00e9kn\u00e1l. Kezdetben a s\u00e9rv nem okoz f\u00e1jdalmat, de a helyzet id\u0151vel romolhat.\n<ul class=\"wp-block-list\">\n<li class=\"has-black-color has-text-color has-link-color wp-elements-7442e0006331d3df99797d73fe823f3d\"><strong>Elt\u0171n\u0151 dudor<\/strong>: Amikor a gyermek pihen vagy fekszik, a kidudorod\u00e1s elt\u0171nhet. Ez az\u00e9rt van, mert a s\u00e9rv visszah\u00faz\u00f3dik a has\u00fcregbe.\n<ul class=\"wp-block-list\">\n<li class=\"has-black-color has-text-color has-link-color wp-elements-f5bf0a153a5e5453569bd8cb13eaabd6\"><strong>Kellemetlens\u00e9g vagy s\u00edr\u00e1s \u00e9tkez\u00e9s, k\u00f6h\u00f6g\u00e9s vagy er\u0151lk\u00f6d\u00e9s k\u00f6zben<\/strong>.<\/li>\n<\/ul>\n<\/li>\n<\/ul>\n<\/li>\n<\/ul>\n<\/li>\n<\/ul>\n\n\n\n<h2 class=\"wp-block-heading has-text-align-center\" id=\"strongmikor-kell-azonnal-orvoshoz-fordulnod-strong\">Mikor kell azonnal orvoshoz fordulnod?<\/h2>\n\n\n\n<p class=\"has-text-align-center has-black-color has-text-color has-link-color wp-elements-441a1a016849e990b84424a70b729c04\" style=\"font-size:18px\">Ha a s\u00e9rv&nbsp;<strong>kem\u00e9ny, f\u00e1jdalmas, pirosas vagy lila sz\u00edn\u0171v\u00e9 v\u00e1lik<\/strong>, \u00e9s a gyermek h\u00e1ny, azonnal vidd \u0151t orvoshoz! Ez arra utalhat, hogy a s\u00e9rv \u201ebeszorult\u201d (inkarcer\u00e1lt s\u00e9rv), ami s\u00fcrg\u0151ss\u00e9gi ell\u00e1t\u00e1st ig\u00e9nyel.<\/p>\n\n\n\n<h2 class=\"wp-block-heading has-text-align-center\" id=\"stronga-lagyekserv-veszelyei-strong\">A l\u00e1gy\u00e9ks\u00e9rv vesz\u00e9lyei<\/h2>\n\n\n\n<h3 class=\"wp-block-heading has-text-align-center\" id=\"strongmi-tortenik-ha-nem-kezelik-strong\">Mi t\u00f6rt\u00e9nik, ha nem kezelik?<\/h3>\n\n\n\n<p class=\"has-text-align-center\">A kezeletlen s\u00e9rv id\u0151vel&nbsp;<strong>komoly probl\u00e9m\u00e1v\u00e1<\/strong>&nbsp;fajulhat. A legnagyobb kock\u00e1zat a s\u00e9rv&nbsp;<strong>beszorul\u00e1sa<\/strong>, ami azt jelenti, hogy a s\u00e9rvben l\u00e9v\u0151 sz\u00f6vet (\u00e1ltal\u00e1ban a b\u00e9l) elakad, \u00e9s nem jut elegend\u0151 v\u00e9rhez. Ez a sz\u00f6vet k\u00e1rosod\u00e1s\u00e1hoz vagy elhal\u00e1s\u00e1hoz vezethet, ami s\u00falyos \u00e1llapot \u00e9s azonnali m\u0171t\u00e9ti beavatkoz\u00e1st ig\u00e9nyel.<\/p>\n\n\n\n<h2 class=\"wp-block-heading has-text-align-center\" id=\"stronghogyan-kezelik-a-lagyekservet-gyermekeknel-strong\">Hogyan kezelik a l\u00e1gy\u00e9ks\u00e9rvet gyermekekn\u00e9l?<\/h2>\n\n\n\n<p class=\"has-text-align-center\">A s\u00e9rv&nbsp;<strong>nem m\u00falik el mag\u00e1t\u00f3l<\/strong>, ez\u00e9rt a kezel\u00e9s mindig sz\u00fcks\u00e9ges. Szerencs\u00e9re az orvostudom\u00e1ny ma m\u00e1r nagyon hat\u00e9kony m\u00f3dszereket k\u00edn\u00e1l erre.<\/p>\n\n\n\n<h3 class=\"wp-block-heading has-text-align-center\" id=\"stronga-mutet-menete-strong\">A m\u0171t\u00e9t menete:<\/h3>\n\n\n\n<p class=\"has-text-align-center has-black-color has-text-color has-link-color wp-elements-4cbfd15c596862a982e5d0aed93b8d10\" style=\"font-size:18px\">A l\u00e1gy\u00e9ks\u00e9rvet szinte minden esetben m\u0171t\u00e9ti \u00faton kezelik. A beavatkoz\u00e1s gyors, biztons\u00e1gos \u00e9s altat\u00e1sban t\u00f6rt\u00e9nik, hogy a gyermek semmilyen f\u00e1jdalmat ne \u00e9rezzen.<\/p>\n\n\n\n<p class=\"has-text-align-center has-black-color has-text-color has-link-color wp-elements-d8c874546a1fc869b7584b920904400b\">A l\u00e1gy\u00e9ks\u00e9rv m\u0171t\u00e9ti ell\u00e1t\u00e1sa megt\u00f6rt\u00e9nhet \u201chagyom\u00e1nyos\u201d, ny\u00edlt m\u0171t\u00e9ttel, ekkor egy l\u00e1gy\u00e9khajlati kis metsz\u00e9sb\u0151l a seb\u00e9sz felkeresi a s\u00e9rvt\u00f6ml\u0151t, elt\u00e1vol\u00edtja azt, \u00e9s a s\u00e9rvkaput \u00f6lt\u00e9ssel z\u00e1rja, sz\u00fcks\u00e9g eset\u00e9n a hasfalat is meger\u0151s\u00edti.<\/p>\n\n\n\n<p class=\"has-text-align-center has-black-color has-text-color has-link-color wp-elements-db33b0682a9d77aa72cdd9819c0061ee\">Az \u00e1ltalunk alkalmazott laparoscopos s\u00e9rvm\u0171t\u00e9t sor\u00e1n a k\u00f6ld\u00f6kgy\u0171r\u0171n kereszt\u00fcl egy kis kamer\u00e1t vezet\u00fcnk be a has\u00fcregbe, \u00edgy lehet\u0151s\u00e9g ny\u00edlik mindk\u00e9t l\u00e1gy\u00e9khajlat megtekint\u00e9s\u00e9re, mert a s\u00e9rvek 15-18%-ban az ellenoldalon sem z\u00e1rt a gyermekek l\u00e1gy\u00e9kgy\u0171r\u0171je. \u00cdgy egyetlen m\u0171t\u00e9t alkalm\u00e1val, e s\u00e9rvkapuk felett ejtett 2 mm-es metsz\u00e9sek seg\u00edts\u00e9g\u00e9vel lehet\u0151s\u00e9g ny\u00edlik mindk\u00e9t oldal m\u0171t\u00e9ti stabiliz\u00e1l\u00e1s\u00e1ra.<\/p>\n\n\n\n<h3 class=\"wp-block-heading has-text-align-center\" id=\"strongmennyi-ido-a-felepules-strong\">Mennyi id\u0151 a fel\u00e9p\u00fcl\u00e9s?<\/h3>\n\n\n\n<p class=\"has-text-align-center has-black-color has-text-color has-link-color wp-elements-c8e5f99989e37e9861476b44de00ee8e\">A l\u00e1gy\u00e9ks\u00e9rvm\u0171t\u00e9tek az \u00fan. \u201cegynapos\u201d seb\u00e9szet kateg\u00f3ri\u00e1j\u00e1ba esnek \u00e1ltal\u00e1ban. Ha egy\u00e9b kiz\u00e1r\u00f3 ok nincs, akkor a gyermek a m\u0171t\u00e9t est\u00e9j\u00e9n otthon\u00e1ba bocs\u00e1jthat\u00f3. <\/p>\n\n\n\n<p class=\"has-text-align-center has-black-color has-text-color has-link-color wp-elements-06efe46834c82e726fb08078b735e074\">A legt\u00f6bb gyermek n\u00e9h\u00e1ny nap alatt fel\u00e9p\u00fcl, \u00e9s egy h\u00e9t m\u00falva m\u00e1r visszat\u00e9rhet a mindennapi tev\u00e9kenys\u00e9gekhez. Az orvos tan\u00e1csot ad arra, hogy mit ker\u00fcljenek el a gy\u00f3gyul\u00e1s ideje alatt (p\u00e9ld\u00e1ul er\u0151teljes mozg\u00e1st vagy sportot).<\/p>\n\n\n\n<h3 class=\"wp-block-heading has-text-align-center\" id=\"stronghogyan-segithetsz-szulokent-strong\">Hogyan seg\u00edthetsz sz\u00fcl\u0151k\u00e9nt?<\/h3>\n\n\n\n<ul class=\"wp-block-list\">\n<li><strong>Figyeld a jeleket<\/strong>: Ha gyan\u00edtod, hogy gyermekednek l\u00e1gy\u00e9ks\u00e9rve van, ne habozz orvoshoz fordulni.<\/li>\n\n\n\n<li><strong>K\u00e9sz\u00fclj fel a m\u0171t\u00e9tre<\/strong>: Magyar\u00e1zd el a gyermekednek, hogy mi fog t\u00f6rt\u00e9nni. Mondd el neki, hogy a m\u0171t\u00e9t seg\u00edt abban, hogy jobban \u00e9rezze mag\u00e1t.<\/li>\n\n\n\n<li><strong>Gondoskodj a gy\u00f3gyul\u00e1sr\u00f3l<\/strong>: Tartsd szemmel a m\u0171t\u00e9t ut\u00e1ni sebgy\u00f3gyul\u00e1st, \u00e9s k\u00f6vesd az orvos utas\u00edt\u00e1sait.<\/li>\n<\/ul>\n\n\n\n<figure class=\"wp-block-image aligncenter size-full\"><img fetchpriority=\"high\" decoding=\"async\" width=\"1000\" height=\"560\" src=\"https:\/\/gyermeksebeszet.hu\/wp-content\/uploads\/2024\/11\/gondoskodj-a-gyogyulasrol.webp\" alt=\"Gondoskod\u00e1s a gy\u00f3gyul\u00e1sr\u00f3l\" class=\"wp-image-933\" srcset=\"https:\/\/gyermeksebeszet.hu\/wp-content\/uploads\/2024\/11\/gondoskodj-a-gyogyulasrol.webp 1000w, https:\/\/gyermeksebeszet.hu\/wp-content\/uploads\/2024\/11\/gondoskodj-a-gyogyulasrol-700x392.webp 700w, https:\/\/gyermeksebeszet.hu\/wp-content\/uploads\/2024\/11\/gondoskodj-a-gyogyulasrol-768x430.webp 768w, https:\/\/gyermeksebeszet.hu\/wp-content\/uploads\/2024\/11\/gondoskodj-a-gyogyulasrol-18x10.webp 18w\" sizes=\"(max-width: 1000px) 100vw, 1000px\" \/><figcaption class=\"wp-element-caption\">Gondoskod\u00e1s a gy\u00f3gyul\u00e1sr\u00f3l<\/figcaption><\/figure>\n\n\n\n<h3 class=\"wp-block-heading has-text-align-center\" id=\"stronggyakran-ismetelt-kerdesek-a-lagyekservrol-strong\">Gyakran ism\u00e9telt k\u00e9rd\u00e9sek a l\u00e1gy\u00e9ks\u00e9rvr\u0151l<\/h3>\n\n\n\n\n\n<h2 class=\"wp-block-heading has-text-align-center\" id=\"strongzaro-gondolatok-strong\">Z\u00e1r\u00f3 gondolatok<\/h2>\n\n\n\n<p class=\"has-text-align-center\">A l\u00e1gy\u00e9ks\u00e9rv gyermekekn\u00e9l ijeszt\u0151en hangozhat, de val\u00f3j\u00e1ban egy k\u00f6nnyen felismerhet\u0151 \u00e9s hat\u00e9konyan kezelhet\u0151 \u00e1llapot. A legfontosabb, hogy figyeld a t\u00fcneteket, \u00e9s ne k\u00e9slekedj orvosi seg\u00edts\u00e9get k\u00e9rni. Ha id\u0151ben cselekszel, a gyermeked gyorsan \u00e9s maradand\u00f3 probl\u00e9m\u00e1k n\u00e9lk\u00fcl gy\u00f3gyulhat meg. Sz\u00fcl\u0151k\u00e9nt ne feledd: az inform\u00e1ci\u00f3 \u00e9s a gyors reakci\u00f3 a legjobb fegyvered. Oszd meg ezt a cikket m\u00e1s sz\u00fcl\u0151kkel is, mert lehet, hogy valaki \u00e9ppen most szembes\u00fcl a l\u00e1gy\u00e9ks\u00e9rv k\u00e9rd\u00e9s\u00e9vel. Te is sokat seg\u00edthetsz azzal, ha t\u00e1j\u00e9koztatod \u0151ket! \ud83d\ude0a<\/p>\n\n\n\n<ul class=\"wp-block-social-links aligncenter is-layout-flex wp-block-social-links-is-layout-flex\">\n\n\n\n\n\n\n\n\n\n\n\n<\/ul>\n\n\n\n<h2 class=\"wp-block-heading has-text-align-center\" id=\"strongvan-kerdese-vagy-aggodik-gyermekeert-keressen-bizalommal-strong\">Van k\u00e9rd\u00e9se, vagy agg\u00f3dik gyermek\u00e9\u00e9rt? Keressen bizalommal!<\/h2>\n\n\n\n<div class=\"wp-block-columns is-layout-flex wp-container-core-columns-is-layout-28f84493 wp-block-columns-is-layout-flex\">\n<div class=\"wp-block-column is-layout-flow wp-block-column-is-layout-flow\">\n<p class=\"has-text-align-center\">Dr. Sasi Szab\u00f3 L\u00e1szl\u00f3 vagyok gyermekseb\u00e9sz f\u0151orvos t\u00f6bb \u00e9vtizedes tapasztalattal, t\u00fcrelemmel \u00e9s emp\u00e1ti\u00e1val seg\u00edtek a gyermekek l\u00e1gy\u00e9ks\u00e9rv\u00e9nek felismer\u00e9s\u00e9ben \u00e9s kezel\u00e9s\u00e9ben. Ha bizonytalan, vagy azonnali seg\u00edts\u00e9gre van sz\u00fcks\u00e9ge, ne habozzon felkeresni!<\/p>\n\n\n\n<h3 class=\"wp-block-heading\" id=\"strongelerhetosegek-strong\">El\u00e9rhet\u0151s\u00e9gek:<\/h3>\n\n\n\n<ul class=\"wp-block-list\">\n<li><strong>Debreceni Gyermekklinika Seb\u00e9szeti szakrendel\u00e9s:<\/strong><br>El\u0151jegyz\u00e9s: +36 52 411 717 \/54281<br>E-mail:&nbsp;dekkgyermeksebeszet@gmail.com<\/li>\n\n\n\n<li><strong><a href=\"https:\/\/medicall.cc\/idopontfoglalas\/prestigehospital\/doctors?specializationId=50939\" target=\"_blank\" rel=\"noopener\">Prestige Hospital \u2013 Ny\u00edregyh\u00e1za<\/a>:<\/strong><br>Telefon: +36 42 512-990<br>E-mail:\u00a0info@prestigehospital.hu<\/li>\n\n\n\n<li><a href=\"https:\/\/gyermeksebeszet.hu\/en\/kapcsolat\/\" data-type=\"link\" data-id=\"https:\/\/gyermeksebeszet.hu\/kapcsolat\/\">Vagy a kapcsolati oldalamon<\/a><\/li>\n<\/ul>\n<\/div>\n\n\n\n<div class=\"wp-block-column is-layout-flow wp-block-column-is-layout-flow\">\n<figure class=\"wp-block-image size-full\"><img decoding=\"async\" width=\"830\" height=\"1005\" src=\"https:\/\/gyermeksebeszet.hu\/wp-content\/uploads\/2023\/11\/dr-sasi-szabo-laszlo-gyermeksebesz.jpg\" alt=\"\" class=\"wp-image-834\" srcset=\"https:\/\/gyermeksebeszet.hu\/wp-content\/uploads\/2023\/11\/dr-sasi-szabo-laszlo-gyermeksebesz.jpg 830w, https:\/\/gyermeksebeszet.hu\/wp-content\/uploads\/2023\/11\/dr-sasi-szabo-laszlo-gyermeksebesz-578x700.jpg 578w, https:\/\/gyermeksebeszet.hu\/wp-content\/uploads\/2023\/11\/dr-sasi-szabo-laszlo-gyermeksebesz-768x930.jpg 768w, https:\/\/gyermeksebeszet.hu\/wp-content\/uploads\/2023\/11\/dr-sasi-szabo-laszlo-gyermeksebesz-10x12.jpg 10w\" sizes=\"(max-width: 830px) 100vw, 830px\" \/><figcaption class=\"wp-element-caption\">Dr. Sasi Szab\u00f3 L\u00e1szl\u00f3 gyermekseb\u00e9sz <\/figcaption><\/figure>\n<\/div>\n<\/div>\n\n\n\n<h2 class=\"wp-block-heading has-text-align-center\" id=\"strongrendeleseim-elerhetoek-debrecenben-es-nyiregyhazan-is-strong\"><strong>Rendel\u00e9seim el\u00e9rhet\u0151ek Debrecenben \u00e9s Ny\u00edregyh\u00e1z\u00e1n is!<\/strong><\/h2>\n\n\n\n<p class=\"has-text-align-center has-black-color has-text-color has-link-color wp-elements-6853b5a2da5b4ad98fbeb878a35d736e\" style=\"font-size:20px\"><strong>Ne v\u00e1rjon, ha gyermek\u00e9n\u00e9l s\u00e9rv t\u00fcneteit \u00e9szleli \u2013 k\u00e9rjen id\u0151pontot m\u00e9g ma!<\/strong><\/p>\n\n\n\n<p class=\"has-text-align-center has-black-color has-text-color has-link-color wp-elements-30405506ba2d6cc90e0be74c1f84a010\" style=\"font-size:20px\"><strong>Gyermeke eg\u00e9szs\u00e9ge a legfontosabb!<\/strong><\/p>","protected":false},"excerpt":{"rendered":"<p>Tudjon meg mindent a gyermekekn\u00e9l el\u0151fordul\u00f3 l\u00e1gy\u00e9ks\u00e9rvr\u0151l! T\u00fcnetek, okok, kezel\u00e9s \u00e9s hasznos tan\u00e1csok sz\u00fcl\u0151knek \u2013 k\u00e9rjen seg\u00edts\u00e9get szak\u00e9rt\u0151t\u0151l most! <\/p>","protected":false},"author":1,"featured_media":920,"comment_status":"open","ping_status":"open","sticky":false,"template":"","format":"standard","meta":{"footnotes":""},"categories":[23],"tags":[24],"class_list":["post-917","post","type-post","status-publish","format-standard","has-post-thumbnail","hentry","category-lagyekserv-gyermeksebeszet","tag-lagyekserv"],"_links":{"self":[{"href":"https:\/\/gyermeksebeszet.hu\/en\/wp-json\/wp\/v2\/posts\/917","targetHints":{"allow":["GET"]}}],"collection":[{"href":"https:\/\/gyermeksebeszet.hu\/en\/wp-json\/wp\/v2\/posts"}],"about":[{"href":"https:\/\/gyermeksebeszet.hu\/en\/wp-json\/wp\/v2\/types\/post"}],"author":[{"embeddable":true,"href":"https:\/\/gyermeksebeszet.hu\/en\/wp-json\/wp\/v2\/users\/1"}],"replies":[{"embeddable":true,"href":"https:\/\/gyermeksebeszet.hu\/en\/wp-json\/wp\/v2\/comments?post=917"}],"version-history":[{"count":17,"href":"https:\/\/gyermeksebeszet.hu\/en\/wp-json\/wp\/v2\/posts\/917\/revisions"}],"predecessor-version":[{"id":940,"href":"https:\/\/gyermeksebeszet.hu\/en\/wp-json\/wp\/v2\/posts\/917\/revisions\/940"}],"wp:featuredmedia":[{"embeddable":true,"href":"https:\/\/gyermeksebeszet.hu\/en\/wp-json\/wp\/v2\/media\/920"}],"wp:attachment":[{"href":"https:\/\/gyermeksebeszet.hu\/en\/wp-json\/wp\/v2\/media?parent=917"}],"wp:term":[{"taxonomy":"category","embeddable":true,"href":"https:\/\/gyermeksebeszet.hu\/en\/wp-json\/wp\/v2\/categories?post=917"},{"taxonomy":"post_tag","embeddable":true,"href":"https:\/\/gyermeksebeszet.hu\/en\/wp-json\/wp\/v2\/tags?post=917"}],"curies":[{"name":"wp","href":"https:\/\/api.w.org\/{rel}","templated":true}]}}