{"id":857,"date":"2024-05-27T11:33:53","date_gmt":"2024-05-27T09:33:53","guid":{"rendered":"https:\/\/gyermeksebeszet.hu\/?p=857"},"modified":"2024-11-24T09:49:42","modified_gmt":"2024-11-24T08:49:42","slug":"a-leggyakoribb-gyermeksebeszeti-beavatkozasok","status":"publish","type":"post","link":"https:\/\/gyermeksebeszet.hu\/en\/a-leggyakoribb-gyermeksebeszeti-beavatkozasok\/","title":{"rendered":"A leggyakoribb gyermekseb\u00e9szeti beavatkoz\u00e1sok \u00e9s mi\u00e9rt sz\u00fcks\u00e9gesek?"},"content":{"rendered":"<div class=\"wp-block-wpseopress-table-of-contents has-vivid-cyan-blue-color has-text-color has-link-color wp-elements-2c5d34a004ba766d038b623973307d57\"><h2>Tartalom jegyz\u00e9k <\/h2><nav><ul><li><a href=\"#bevezeto-fejezet\">Bevezet\u0151 fejezet<\/a><\/li><li><a href=\"#urologiai-beavatkozasok\">Urol\u00f3giai beavatkoz\u00e1sok<\/a><\/li><li><a href=\"#hasi-beavatkozasok\">Hasi beavatkoz\u00e1sok<\/a><\/li><li><a href=\"#a-mutet-elokeszitese\">A m\u0171t\u00e9t el\u0151k\u00e9sz\u00edt\u00e9se<\/a><\/li><li><a href=\"#a-mutet-utani-idoszak\">A m\u0171t\u00e9t ut\u00e1ni id\u0151szak<\/a><\/li><li><a href=\"#gyakran-ismetelt-kerdesek\">Gyakran ism\u00e9telt k\u00e9rd\u00e9sek<\/a><ul><li><a href=\"#hogyan-keszitsuk-fel-a-gyermeket-a-mutetre\">Hogyan k\u00e9sz\u00edts\u00fck fel a gyermeket a m\u0171t\u00e9tre?<\/a><\/li><li><a href=\"#milyen-kulonbseg-van-a-felnott-es-gyermeksebeszet-kozott\">Milyen k\u00fcl\u00f6nbs\u00e9g van a feln\u0151tt \u00e9s gyermekseb\u00e9szet k\u00f6z\u00f6tt?<\/a><\/li><li><a href=\"#mennyi-ido-alatt-epul-fel-egy-gyermek-a-mutet-utan\">Mennyi id\u0151 alatt \u00e9p\u00fcl fel egy gyermek a m\u0171t\u00e9t ut\u00e1n?<\/a><\/li><li><a href=\"#mik-a-leggyakoribb-szovodmenyek-gyermeksebeszet-eseten\">Mik a leggyakoribb sz\u00f6v\u0151dm\u00e9nyek gyermekseb\u00e9szet eset\u00e9n?<\/a><\/li><li><a href=\"#hol-talalhatoak-megbizhato-gyermeksebeszeti-kozpontok\">Hol tal\u00e1lhat\u00f3ak megb\u00edzhat\u00f3 gyermekseb\u00e9szeti k\u00f6zpontok?<\/a><\/li><\/ul><\/li><li><a href=\"#zarszo\">Z\u00e1rsz\u00f3<\/a><\/li><\/ul><\/nav><\/div>\n\n\n\n<ul class=\"wp-block-list\">\n<li><\/li>\n<\/ul>\n\n\n\n<h2 class=\"wp-block-heading\" id=\"bevezeto-fejezet\">Bevezet\u0151 fejezet<\/h2>\n\n\n\n<p>A gyermekseb\u00e9szet egy rendk\u00edv\u00fcl speci\u00e1lis \u00e9s \u00e9rz\u00e9keny ter\u00fclet a seb\u00e9szeti szakm\u00e1n bel\u00fcl. Az emberi szervezet fejl\u0151d\u00e9s\u00e9nek legfontosabb \u00e9vei ezek, amikor a gyermekek teste m\u00e9g form\u00e1l\u00f3dik, n\u00f6vekszik. B\u00e1rminem\u0171 rendelleness\u00e9g vagy betegs\u00e9g el\u0151fordulhat ebben az \u00e9letszakaszban, amely m\u0171t\u00e9ti \u00faton t\u00f6rt\u00e9n\u0151 beavatkoz\u00e1st ig\u00e9nyel.<\/p>\n\n\n\n<p>A gyermekseb\u00e9szeknek speci\u00e1lis k\u00e9pz\u00e9sen kell r\u00e9szt venni\u00fck, hogy alaposan meg\u00e9rts\u00e9k a gyermekek anat\u00f3mi\u00e1j\u00e1t, \u00e9lettan\u00e1t \u00e9s pszich\u00e9s saj\u00e1toss\u00e1gait. Emellett k\u00fcl\u00f6nleges k\u00e9szs\u00e9gekkel kell rendelkezni\u00fck a gyermekek kezel\u00e9s\u00e9ben, gondoz\u00e1s\u00e1ban \u00e9s pszich\u00e9s t\u00e1mogat\u00e1s\u00e1ban is.<\/p>\n\n\n\n<p class=\"has-black-color has-text-color has-link-color wp-elements-a5525d3dc8bd9acf9b6558926cd0637c\">A leggyakoribb okok, ami\u00e9rt gyermekseb\u00e9szeti beavatkoz\u00e1sokra van sz\u00fcks\u00e9g, a k\u00f6vetkez\u0151k: velesz\u00fcletett rendelleness\u00e9gek, s\u00e9r\u00fcl\u00e9sek, gyullad\u00e1sos folyamatok, daganatos elv\u00e1ltoz\u00e1sok \u00e9s bizonyos fejl\u0151d\u00e9si rendelleness\u00e9gek korrekci\u00f3ja.<\/p>\n\n\n\n<h2 class=\"wp-block-heading\" id=\"urologiai-beavatkozasok\">Urol\u00f3giai beavatkoz\u00e1sok<\/h2>\n\n\n\n<p class=\"has-black-color has-text-color has-link-color wp-elements-0755a356f28d39a03e93c3258303bc7c\">Az egyik leggyakoribb gyermekseb\u00e9szeti beavatkoz\u00e1s a fitymasz\u0171k\u00fclet m\u0171t\u00e9t. Enn\u00e9l a kism\u0171t\u00e9tn\u00e9l a k\u00f6r\u00fclmet\u00e9l\u00e9sn\u00e9l alkalmazott m\u00f3dszereket haszn\u00e1ljuk fel. A fi\u00facsecsem\u0151k 5-10%-\u00e1n\u00e1l fordul el\u0151, hogy a fitym\u00e1t, vagyis a makk b\u0151rburk\u00e1t nem lehet visszah\u00fazni. Ez a helyzet az els\u0151 \u00e9let\u00e9vekben teljesen term\u00e9szetes \u00e1llapot, \u00e9s nem ig\u00e9nyel semmilyen kezel\u00e9st. Ha azonban ez a helyzet tart\u00f3san,6 6-8 \u00e9ves kor ut\u00e1n is fenn\u00e1ll, akkor akad\u00e1lyozhatja a norm\u00e1lis vizel\u00e9st \u00e9s h\u00fagy\u00fati fert\u0151z\u00e9sekhez vezethet. A m\u0171t\u00e9t sor\u00e1n a felesleges b\u0151rt elt\u00e1vol\u00edtjuk, felszabad\u00edtva a makkot.<\/p>\n\n\n\n<p class=\"has-black-color has-text-color has-link-color wp-elements-72e75819636ab1b1794907bfe9ad405e\">A herev\u00edzs\u00e9rv olyan esetben fordul el\u0151, amikor a l\u00e1gy\u00e9kcsatorna nem z\u00e1r\u00f3dik rendesen a magzati fejl\u0151d\u00e9s sor\u00e1n, a here lesz\u00e1ll\u00e1s\u00e1t k\u00f6vet\u0151en. Emiatt a hash\u00e1rtya egy r\u00e9sze a l\u00e1gy\u00e9kcsatorn\u00e1ban folytat\u00f3dik, \u00e9s a has\u00fcregi folyad\u00e9k lecsoroghat ebbe a t\u00f6ml\u0151be; ez okozza a l\u00e1that\u00f3 duzzanatot.&nbsp; Kisgyermekkorban a v\u00edzs\u00e9rv m\u00e9g felsz\u00edv\u00f3dhat, de tart\u00f3s fenn\u00e1ll\u00e1s eset\u00e9n a csatorna m\u0171t\u00e9ti z\u00e1r\u00e1sa indokoltt\u00e1 v\u00e1lik.<\/p>\n\n\n\n<p class=\"has-black-color has-text-color has-link-color wp-elements-c57d4ae9b50ee0dabd0943f6061fa5a7\">Rejtett here eset\u00e9n a here magzati lesz\u00e1ll\u00e1si folyamata szenved zavart, emiatt \u201eakad el\u201d \u00e9s nem tapinthat\u00f3 a herezacsk\u00f3ban. Val\u00f3di rejtett here eset\u00e9n a here sosem tart\u00f3zkodik a megfelel\u0151 poz\u00edci\u00f3ban, ami a szakmai ir\u00e1nyelvek szerint 1 \u00e9ves kor el\u0151tt (legfeljebb 18 h\u00f3napos korig) mindenk\u00e9ppen m\u0171t\u00e9ti korrekci\u00f3t ig\u00e9nyel. A k\u00f3rk\u00e9pet el kell tudni k\u00fcl\u00f6n\u00edteni az ingaher\u00e9t\u0151l, ami egy fokozott v\u00e9dekez\u0151 reflex-mechanizmus, \u00e9s nem k\u00f3ros \u00e1llapot.<\/p>\n\n\n\n<h2 class=\"wp-block-heading\" id=\"hasi-beavatkozasok\">Hasi beavatkoz\u00e1sok<\/h2>\n\n\n\n<p class=\"has-black-color has-text-color has-link-color wp-elements-2590577ea6ad56a57dc6cb00cbd8db0c\">A k\u00f6ld\u00f6ks\u00e9rv \u00e9s l\u00e1gy\u00e9ks\u00e9rv m\u0171t\u00e9tek a leggyakrabban el\u0151fordul\u00f3 hasi beavatkoz\u00e1sok gyermekekn\u00e9l. A s\u00e9rvek a hasfalon kialakult ny\u00edl\u00e1sokon kereszt\u00fcl keletkeznek, amikor a hash\u00e1rtya egy r\u00e9sze kiboltosul azokon. Csecsem\u0151kn\u00e9l \u00e9s kisgyermekekn\u00e9l gyakori jelens\u00e9g, de m\u0171t\u00e9ti \u00faton korrig\u00e1lni kell, mert fenn\u00e1ll a kiz\u00e1r\u00f3d\u00e1s vesz\u00e9lye, amikor a vissza nem helyezhet\u0151 b\u00e9lfal kering\u00e9se \u00e9s ak\u00e1r a here \u00e9letk\u00e9pess\u00e9ge is k\u00e1rosodhat.<\/p>\n\n\n\n<p class=\"has-black-color has-text-color has-link-color wp-elements-bd7e20bd689bddeb4d8aaf11fd627c7b\">Az epeh\u00f3lyag elt\u00e1vol\u00edt\u00e1sa akkor v\u00e1lik sz\u00fcks\u00e9gess\u00e9, ha epek\u00f6vek vagy gyullad\u00e1s alakul ki a gyermek epeh\u00f3lyagj\u00e1ban. Csecsem\u0151k \u00e9s kisgyermekek eset\u00e9ben ez ritka, de el\u0151fordul, k\u00fcl\u00f6n\u00f6sen bizonyos velesz\u00fcletett anyagcserezavarok eset\u00e9n. A korszer\u0171 laparoszk\u00f3pos technik\u00e1k alkalmaz\u00e1s\u00e1val alacsony megterhel\u00e9ssel elv\u00e9gezhet\u0151 az epeh\u00f3lyag elt\u00e1vol\u00edt\u00e1sa.<\/p>\n\n\n\n<p class=\"has-black-color has-text-color has-link-color wp-elements-871e66d0e1dbedf3fc1e82c1ce156666\">Egy\u00e9b gyakori hasi m\u0171t\u00e9tek a vakb\u00e9lm\u0171t\u00e9t, a s\u00e9rvm\u0171t\u00e9tek alhasi r\u00e9gi\u00f3ban, valamint a daganatok vagy cysta elt\u00e1vol\u00edt\u00e1sa a has\u00fcregb\u0151l. Ezekre kr\u00f3nikus gyullad\u00e1sok, s\u00e9r\u00fcl\u00e9sek vagy k\u00f3ros elv\u00e1ltoz\u00e1sok eset\u00e9n van sz\u00fcks\u00e9g a megfelel\u0151 diagn\u00f3zist k\u00f6vet\u0151en.<\/p>\n\n\n\n<h2 class=\"wp-block-heading\" id=\"a-mutet-elokeszitese\">A m\u0171t\u00e9t el\u0151k\u00e9sz\u00edt\u00e9se<\/h2>\n\n\n\n<figure class=\"wp-block-image size-large is-style-default\"><img fetchpriority=\"high\" decoding=\"async\" width=\"1024\" height=\"681\" src=\"https:\/\/gyermeksebeszet.hu\/wp-content\/uploads\/2024\/05\/a-mutet-elokeszitese-1024x681.webp\" alt=\"A m\u0171t\u00e9t el\u0151k\u00e9sz\u00edt\u00e9se\" class=\"wp-image-861\" style=\"aspect-ratio:3\/2;object-fit:cover\" title=\"A m\u0171t\u00e9t el\u0151k\u00e9sz\u00edt\u00e9se\" srcset=\"https:\/\/gyermeksebeszet.hu\/wp-content\/uploads\/2024\/05\/a-mutet-elokeszitese-1024x681.webp 1024w, https:\/\/gyermeksebeszet.hu\/wp-content\/uploads\/2024\/05\/a-mutet-elokeszitese-700x466.webp 700w, https:\/\/gyermeksebeszet.hu\/wp-content\/uploads\/2024\/05\/a-mutet-elokeszitese-768x511.webp 768w, https:\/\/gyermeksebeszet.hu\/wp-content\/uploads\/2024\/05\/a-mutet-elokeszitese-18x12.webp 18w, https:\/\/gyermeksebeszet.hu\/wp-content\/uploads\/2024\/05\/a-mutet-elokeszitese.webp 1200w\" sizes=\"(max-width: 1024px) 100vw, 1024px\" \/><figcaption class=\"wp-element-caption\">                                                                  A m\u0171t\u00e9t el\u0151k\u00e9sz\u00edt\u00e9se<\/figcaption><\/figure>\n\n\n\n<p>Miel\u0151tt egy gyermeket m\u0171t\u00e9tre visz\u00fcnk, rendk\u00edv\u00fcl fontos feladat a felk\u00e9sz\u00edt\u00e9se. A gyermekek jobban f\u00e9lnek az ismeretlent\u0151l, ez\u00e9rt elengedhetetlen, hogy \u00e9letkoruknak megfelel\u0151 m\u00f3don elmagyar\u00e1zzuk nekik, mi fog t\u00f6rt\u00e9nni. B\u00e1bj\u00e1t\u00e9kok, k\u00e9pesk\u00f6nyvek \u00e9s egy\u00e9b eszk\u00f6z\u00f6k felhaszn\u00e1l\u00e1s\u00e1val meg\u00e9rtethetj\u00fck vel\u00fck a m\u0171t\u00e9t l\u00e9nyeg\u00e9t, ez\u00e1ltal cs\u00f6kkentve a szorong\u00e1st.<\/p>\n\n\n\n<p>A sz\u00fcl\u0151k bevon\u00e1sa \u00e9s felk\u00e9sz\u00edt\u00e9se is kulcsfontoss\u00e1g\u00fa ebben a folyamatban. Nekik is pontosan el kell magyar\u00e1znunk az ell\u00e1t\u00e1s menet\u00e9t, hogy t\u00e1mogatni tudj\u00e1k gyermek\u00fcket.<\/p>\n\n\n\n<p class=\"has-black-color has-text-color has-link-color wp-elements-262f82590bd8edb02c22767ca1221def\">A gyermekek altat\u00e1sa is speci\u00e1lis kih\u00edv\u00e1st jelent, hiszen szervezet\u00fck \u00e9rz\u00e9kenyebben reag\u00e1l az altat\u00f3szerekre. Ez\u00e9rt mindenhol gyermekseb\u00e9sz szakorvos \u00e9s gyermek-aneszteziol\u00f3gus v\u00e9gzi az \u00e9rz\u00e9stelen\u00edt\u00e9st, kik\u00e9rdezve a gyermek esetleges allergi\u00e1it, kor\u00e1bbi reakci\u00f3it.<\/p>\n\n\n\n<h2 class=\"wp-block-heading\" id=\"a-mutet-utani-idoszak\">A m\u0171t\u00e9t ut\u00e1ni id\u0151szak<\/h2>\n\n\n\n<p>A gy\u00f3gyul\u00e1s id\u0151szak\u00e1ban is k\u00fcl\u00f6n\u00f6s figyelmet \u00e9s t\u00f6r\u0151d\u00e9st ig\u00e9nyelnek a gyermekek. Sz\u00e1mukra f\u00e1jdalmas \u00e9s kellemetlen lehet a m\u0171t\u00e9t ut\u00e1ni \u00e1llapot, ez\u00e9rt maxim\u00e1lis emp\u00e1ti\u00e1val \u00e9s gondoskod\u00e1ssal kell fel\u00fcgyeln\u00fcnk fel\u00e9p\u00fcl\u00e9s\u00fcket.<\/p>\n\n\n\n<p>A f\u00e1jdalomcsillap\u00edt\u00e1s is speci\u00e1lis protokollok alapj\u00e1n zajlik gyermekek eset\u00e9ben. L\u00e9nyeges, hogy a lehet\u0151 leghat\u00e9konyabb, ugyanakkor gyermekbiztos f\u00e1jdalomcs\u00f6kkent\u0151 kezel\u00e9st alkalmazzuk.<\/p>\n\n\n\n<p>A f\u00e1jdalomcsillap\u00edt\u00e1s mellett fokozott figyelmet ford\u00edtunk a lehets\u00e9ges komplik\u00e1ci\u00f3k megel\u0151z\u00e9s\u00e9re \u00e9s id\u0151ben t\u00f6rt\u00e9n\u0151 felismer\u00e9s\u00e9re is. Szerencs\u00e9re a gyermekek alapvet\u0151en eg\u00e9szs\u00e9gesek, \u00e9s \u00edgy a m\u0171t\u00e9t ut\u00e1ni komplik\u00e1ci\u00f3k j\u00f3val ritk\u00e1bbak a feln\u0151tt betegekhez k\u00e9pest. A m\u0171t\u00e9tet k\u00f6vet\u0151en ellen\u0151rizz\u00fck a gyermek \u00e1ltal\u00e1nos \u00e1llapot\u00e1t, a seb \u00e1llapot\u00e1t, az esetleges posztoperat\u00edv f\u00e1jdalom m\u00e9rt\u00e9k\u00e9t. B\u00e1rmilyen rendelleness\u00e9g eset\u00e9n halad\u00e9ktalanul beavatkozunk \u00e9s megkezdj\u00fck a sz\u00fcks\u00e9ges kezel\u00e9st. A rehabilit\u00e1ci\u00f3s folyamat szerves r\u00e9sz\u00e9t k\u00e9pezi komplex beavatkoz\u00e1sokat k\u00f6vet\u0151en a gy\u00f3gytorna, amely el\u0151seg\u00edti a teljes fel\u00e9p\u00fcl\u00e9st.<\/p>\n\n\n\n<p>Az otthoni \u00e1pol\u00e1s \u00e9s ut\u00f3gondoz\u00e1s kulcsfontoss\u00e1g\u00fa eleme a m\u0171t\u00e9t ut\u00e1ni id\u0151szaknak. A sz\u00fcl\u0151ket kioktatjuk a seb kezel\u00e9s\u00e9re, az \u00e1pol\u00e1s megfelel\u0151 m\u00f3dj\u00e1ra \u00e9s a gyermek akt\u00edv mozgat\u00e1s\u00e1nak fokozatos bevezet\u00e9s\u00e9re. Rendszeres kontrollvizsg\u00e1latokra is visszarendelj\u00fck a kicsi p\u00e1cienseket.<\/p>\n\n\n\n<p class=\"has-black-color has-text-color has-link-color wp-elements-1295072d6f9e18729518f6c3321cec74\">A gyermekeknek speci\u00e1lis pszich\u00e9s t\u00e1mogat\u00e1sra is sz\u00fcks\u00e9g\u00fck van a m\u0171t\u00e9t kapcs\u00e1n \u00e1t\u00e9lt negat\u00edv \u00e9lm\u00e9nyek feldolgoz\u00e1s\u00e1hoz. Pszichol\u00f3gusok, gyermek\u00e1pol\u00f3k seg\u00edts\u00e9g\u00e9vel dolgozhatjuk fel az esetleges traum\u00e1kat, meger\u0151s\u00edtve a gyermekek \u00f6nbizalm\u00e1t \u00e9s biztons\u00e1g\u00e9rzet\u00e9t.<\/p>\n\n\n\n<h2 class=\"wp-block-heading\" id=\"gyakran-ismetelt-kerdesek\">Gyakran ism\u00e9telt k\u00e9rd\u00e9sek<\/h2>\n\n\n\n<h4 class=\"wp-block-heading\" id=\"hogyan-keszitsuk-fel-a-gyermeket-a-mutetre\">Hogyan k\u00e9sz\u00edts\u00fck fel a gyermeket a m\u0171t\u00e9tre?<\/h4>\n\n\n\n<p class=\"has-black-color has-text-color has-link-color wp-elements-0ce905acee1460e8711663b42d2212ed\">Fontos, hogy j\u00e1t\u00e9kos form\u00e1ban, \u00e9letkor\u00e1nak megfelel\u0151en magyar\u00e1zzuk el neki a t\u00f6rt\u00e9n\u00e9seket. A sz\u00fcl\u0151k t\u00e1mogat\u00e1sa is kulcsfontoss\u00e1g\u00fa ebben.<\/p>\n\n\n\n<h4 class=\"wp-block-heading\" id=\"milyen-kulonbseg-van-a-felnott-es-gyermeksebeszet-kozott\">Milyen k\u00fcl\u00f6nbs\u00e9g van a feln\u0151tt \u00e9s gyermekseb\u00e9szet k\u00f6z\u00f6tt?<\/h4>\n\n\n\n<p class=\"has-black-color has-text-color has-link-color wp-elements-d17ee502c3f55515aa0f821a3feca9db\">A gyermekek test\u00e9nek anat\u00f3mi\u00e1ja, fiziol\u00f3gi\u00e1ja \u00e9s pszich\u00e9je is elt\u00e9r\u0151, ez\u00e9rt speci\u00e1lis k\u00e9pz\u00e9s \u00e9s szeml\u00e9let sz\u00fcks\u00e9ges a kezel\u00e9s\u00fckh\u00f6z.<\/p>\n\n\n\n<h4 class=\"wp-block-heading\" id=\"mennyi-ido-alatt-epul-fel-egy-gyermek-a-mutet-utan\">Mennyi id\u0151 alatt \u00e9p\u00fcl fel egy gyermek a m\u0171t\u00e9t ut\u00e1n?<\/h4>\n\n\n\n<p class=\"has-black-color has-text-color has-link-color wp-elements-76ca6377924172fa0d9afb56b9fd98a2\">Ez f\u00fcgg a beavatkoz\u00e1s t\u00edpus\u00e1t\u00f3l, de \u00e1ltal\u00e1ban 1-6 h\u00e9t k\u00f6z\u00f6tti id\u0151szakra sz\u00e1m\u00edthatunk.<\/p>\n\n\n\n<h4 class=\"wp-block-heading\" id=\"mik-a-leggyakoribb-szovodmenyek-gyermeksebeszet-eseten\">Mik a leggyakoribb sz\u00f6v\u0151dm\u00e9nyek gyermekseb\u00e9szet eset\u00e9n?<\/h4>\n\n\n\n<p class=\"has-black-color has-text-color has-link-color wp-elements-83c7a0756307385fcac5853320cbfb9c\">Legink\u00e1bb fert\u0151z\u00e9sek, v\u00e9rz\u00e9sek, sebgy\u00f3gyul\u00e1si probl\u00e9m\u00e1k fordulhatnak el\u0151, de gondos ell\u00e1t\u00e1ssal ezek megel\u0151zhet\u0151k.<\/p>\n\n\n\n<h4 class=\"wp-block-heading\" id=\"hol-talalhatoak-megbizhato-gyermeksebeszeti-kozpontok\">Hol tal\u00e1lhat\u00f3ak megb\u00edzhat\u00f3 gyermekseb\u00e9szeti k\u00f6zpontok?<\/h4>\n\n\n\n<p class=\"has-black-color has-text-color has-link-color wp-elements-f8f17ebcd6a135794ac3f5101d29d5f0\">Els\u0151sorban az egyetemi klinik\u00e1k, gyermekk\u00f3rh\u00e1zak \u00e9s szakosodott mag\u00e1nint\u00e9zm\u00e9nyek ny\u00fajtanak magas sz\u00ednvonal\u00fa ell\u00e1t\u00e1st.<\/p>\n\n\n\n<h2 class=\"wp-block-heading\" id=\"zarszo\">Z\u00e1rsz\u00f3<\/h2>\n\n\n\n<p>A gyermekseb\u00e9szet rendk\u00edv\u00fcl \u00e9rz\u00e9keny \u00e9s felel\u0151ss\u00e9gteljes ter\u00fclete az orvostudom\u00e1nynak. Megb\u00edzhat\u00f3, magas szint\u0171 ell\u00e1t\u00e1st csak szakosodott gyermekseb\u00e9szeti k\u00f6zpontokban, gyermekk\u00f3rh\u00e1zakban \u00e9s speci\u00e1lis egyetemi klinik\u00e1kon kaphatnak a kicsi betegek.<\/p>\n\n\n\n<p>Magyarorsz\u00e1gon t\u00f6bbek k\u00f6z\u00f6tt a <strong>Debreceni Egyetem Gyermekklinik\u00e1ja ny\u00fajt ilyen sz\u00ednvonal\u00fa ell\u00e1t\u00e1st, ahol magam is vezet\u0151 gyermekseb\u00e9sz f\u0151orvosk\u00e9nt dolgozom.<\/strong> <strong>Emellett mag\u00e1nrendel\u00e9st is tartok fenn Ny\u00edregyh\u00e1z\u00e1n, a Prestige Hospitalban.<\/strong> Az itt dolgoz\u00f3 kiv\u00e1l\u00f3 szakembereimmel azon vagyunk, hogy a legmagasabb ell\u00e1t\u00e1si sz\u00ednvonalat biztos\u00edtsuk kis p\u00e1cienseinknek.<\/p>\n\n\n\n<p class=\"has-vivid-cyan-blue-color has-text-color has-link-color wp-elements-4fa1b77beca0ea52ea006256ddda333f\" style=\"font-size:17px\"><a href=\"https:\/\/medicall.cc\/idopontfoglalas\/prestigehospital\/doctors?doctorId=428175\" target=\"_blank\" rel=\"noopener\"><strong><mark style=\"background-color:rgba(0, 0, 0, 0)\" class=\"has-inline-color has-vivid-cyan-blue-color\">Kattintson ide<\/mark><\/strong><\/a>, ha mag\u00e1nrendel\u00e9semre szeretne id\u0151pontot foglalni.<\/p>\n\n\n\n<p class=\"has-vivid-cyan-blue-color has-text-color has-link-color wp-elements-00fae2cb4a0176064c208d1f929d658c\"><a href=\"https:\/\/gyermeksebeszet.hu\/en\/kapcsolat\/\">K\u00e9rd\u00e9seikkel b\u00e1rmikor kereshetnek bizalommal!<\/a><\/p>\n\n\n\n<p>Rem\u00e9lem, ez az \u00e1tfog\u00f3 ismertet\u0151 j\u00f3l szeml\u00e9ltette a gyermekseb\u00e9szet ter\u00fclet\u00e9t, fontoss\u00e1g\u00e1t \u00e9s leggyakoribb indik\u00e1ci\u00f3it. <\/p>\n\n\n\n<p>B\u00edzom benne, hogy hasznos inform\u00e1ci\u00f3kkal tudtam szolg\u00e1lni a kedves Olvas\u00f3knak! <\/p>\n\n\n\n<p>Vigy\u00e1zzunk legf\u0151bb kincseinkre, a gyermekekre!<\/p>","protected":false},"excerpt":{"rendered":"<p>Ismerje meg a leggyakoribb gyermekseb\u00e9szeti beavatkoz\u00e1sokat \u00e9s azok sz\u00fcks\u00e9gess\u00e9g\u00e9t. Tan\u00e1csok a m\u0171t\u00e9tre val\u00f3 felk\u00e9sz\u00fcl\u00e9shez.<\/p>","protected":false},"author":1,"featured_media":860,"comment_status":"closed","ping_status":"open","sticky":false,"template":"","format":"standard","meta":{"footnotes":""},"categories":[19],"tags":[20,21],"class_list":["post-857","post","type-post","status-publish","format-standard","has-post-thumbnail","hentry","category-gyermeksebeszet","tag-gyermeksebeszet","tag-gyermeksebeszeti"],"_links":{"self":[{"href":"https:\/\/gyermeksebeszet.hu\/en\/wp-json\/wp\/v2\/posts\/857","targetHints":{"allow":["GET"]}}],"collection":[{"href":"https:\/\/gyermeksebeszet.hu\/en\/wp-json\/wp\/v2\/posts"}],"about":[{"href":"https:\/\/gyermeksebeszet.hu\/en\/wp-json\/wp\/v2\/types\/post"}],"author":[{"embeddable":true,"href":"https:\/\/gyermeksebeszet.hu\/en\/wp-json\/wp\/v2\/users\/1"}],"replies":[{"embeddable":true,"href":"https:\/\/gyermeksebeszet.hu\/en\/wp-json\/wp\/v2\/comments?post=857"}],"version-history":[{"count":11,"href":"https:\/\/gyermeksebeszet.hu\/en\/wp-json\/wp\/v2\/posts\/857\/revisions"}],"predecessor-version":[{"id":942,"href":"https:\/\/gyermeksebeszet.hu\/en\/wp-json\/wp\/v2\/posts\/857\/revisions\/942"}],"wp:featuredmedia":[{"embeddable":true,"href":"https:\/\/gyermeksebeszet.hu\/en\/wp-json\/wp\/v2\/media\/860"}],"wp:attachment":[{"href":"https:\/\/gyermeksebeszet.hu\/en\/wp-json\/wp\/v2\/media?parent=857"}],"wp:term":[{"taxonomy":"category","embeddable":true,"href":"https:\/\/gyermeksebeszet.hu\/en\/wp-json\/wp\/v2\/categories?post=857"},{"taxonomy":"post_tag","embeddable":true,"href":"https:\/\/gyermeksebeszet.hu\/en\/wp-json\/wp\/v2\/tags?post=857"}],"curies":[{"name":"wp","href":"https:\/\/api.w.org\/{rel}","templated":true}]}}