{"id":1053,"date":"2025-01-31T14:53:08","date_gmt":"2025-01-31T13:53:08","guid":{"rendered":"https:\/\/gyermeksebeszet.hu\/?p=1053"},"modified":"2025-01-31T14:53:11","modified_gmt":"2025-01-31T13:53:11","slug":"rejtett-here-es-hereleszallasi-zavarok-kezelese","status":"publish","type":"post","link":"https:\/\/gyermeksebeszet.hu\/en\/rejtett-here-es-hereleszallasi-zavarok-kezelese\/","title":{"rendered":"Rejtett here: 7 megd\u00f6bbent\u0151 t\u00e9ny, amit tudnod kell r\u00f3la"},"content":{"rendered":"<div class=\"wp-block-rank-math-toc-block\" id=\"rank-math-toc\"><h2>Tartalomjegyz\u00e9k<\/h2><nav><ul><li class=\"\"><a href=\"#rejtett-here-es-hereleszallasi-zavarok-amit-minden-szulonek-tudnia-kell\">Rejtett here \u00e9s herelesz\u00e1ll\u00e1si zavarok: Amit minden sz\u00fcl\u0151nek tudnia kell<\/a><ul><li class=\"\"><a href=\"#mi-a-rejtett-here-es-a-hereleszallasi-zavar\">Mi a rejtett here \u00e9s a herelesz\u00e1ll\u00e1si zavar?<\/a><\/li><li class=\"\"><a href=\"#a-rejtett-here-tipusai\">A rejtett here t\u00edpusai<\/a><\/li><li class=\"\"><a href=\"#a-rejtett-here-es-hereleszallasi-zavarok-okai\">A rejtett here \u00e9s herelesz\u00e1ll\u00e1si zavarok okai<\/a><\/li><li class=\"\"><a href=\"#a-rejtett-here-es-hereleszallasi-zavarok-gyakorisaga\">A rejtett here \u00e9s herelesz\u00e1ll\u00e1si zavarok gyakoris\u00e1ga<\/a><\/li><li class=\"\"><a href=\"#a-rejtett-here-es-hereleszallasi-zavarok-felismerese\">A rejtett here \u00e9s herelesz\u00e1ll\u00e1si zavarok felismer\u00e9se<\/a><ul><li class=\"\"><a href=\"#tunetek-es-jelek\">T\u00fcnetek \u00e9s jelek<\/a><\/li><li class=\"\"><a href=\"#diagnozis\">Diagn\u00f3zis<\/a><\/li><\/ul><\/li><li class=\"\"><a href=\"#a-rejtett-here-es-hereleszallasi-zavarok-kezelese\">A rejtett here \u00e9s herelesz\u00e1ll\u00e1si zavarok kezel\u00e9se<\/a><\/li><li class=\"\"><a href=\"#a-rejtett-here-es-hereleszallasi-zavarok-kovetkezmenyei\">A rejtett here \u00e9s herelesz\u00e1ll\u00e1si zavarok k\u00f6vetkezm\u00e9nyei<\/a><\/li><li class=\"\"><a href=\"#megelozes-es-szures\">Megel\u0151z\u00e9s \u00e9s sz\u0171r\u00e9s<\/a><\/li><li class=\"\"><a href=\"#mit-tehetnek-a-szulok\">Mit tehetnek a sz\u00fcl\u0151k?<\/a><\/li><li class=\"\"><a href=\"#gyakori-kerdesek-a-rejtett-hererol-es-hereleszallasi-zavarokrol\">Gyakori k\u00e9rd\u00e9sek a rejtett her\u00e9r\u0151l \u00e9s herelesz\u00e1ll\u00e1si zavarokr\u00f3l<\/a><ul><li class=\"\"><a href=\"#faq-question-1738330719634\">1. F\u00e1jdalmas-e a rejtett here a gyermek sz\u00e1m\u00e1ra?<\/a><\/li><li class=\"\"><a href=\"#faq-question-1738330770457\">2. Befoly\u00e1solja-e a rejtett here a pubert\u00e1st?<\/a><\/li><li class=\"\"><a href=\"#faq-question-1738330792147\">3. Milyen gyakran kell ellen\u0151rizni a gyermeket m\u0171t\u00e9t ut\u00e1n?<\/a><\/li><li class=\"\"><a href=\"#faq-question-1738330817351\">4. Lehet-e gyermeke annak, akinek rejtett her\u00e9je volt?<\/a><\/li><li class=\"\"><a href=\"#faq-question-1738330839893\">5. Hogyan k\u00e9sz\u00edtsem fel a gyermekemet a m\u0171t\u00e9tre?<\/a><\/li><\/ul><\/li><li class=\"\"><a href=\"#osszefoglalas\">\u00d6sszefoglal\u00e1s<\/a><\/li><li class=\"\"><a href=\"#lepjen-kapcsolatba-a-szakertovel\">L\u00e9pjen kapcsolatba a szak\u00e9rt\u0151vel!<\/a><ul><li class=\"\"><a href=\"#az-on-megosztasa-akar-egy-gyermek-egeszseget-is-megmentheti\">Az \u00d6n megoszt\u00e1sa ak\u00e1r egy gyermek eg\u00e9szs\u00e9g\u00e9t is megmentheti!<\/a><\/li><\/ul><\/li><\/ul><\/li><\/ul><\/nav><\/div>\n\n\n\n<h1 class=\"wp-block-heading has-text-align-center\" id=\"rejtett-here-es-hereleszallasi-zavarok-amit-minden-szulonek-tudnia-kell\">Rejtett here \u00e9s herelesz\u00e1ll\u00e1si zavarok: Amit minden sz\u00fcl\u0151nek tudnia kell<\/h1>\n\n\n\n<p class=\"has-text-align-center\">A gyermekek eg\u00e9szs\u00e9ge minden sz\u00fcl\u0151 sz\u00e1m\u00e1ra els\u0151dleges fontoss\u00e1g\u00fa. Amikor olyan probl\u00e9m\u00e1kkal szembes\u00fcl\u00fcnk, mint a rejtett here vagy a herelesz\u00e1ll\u00e1si zavarok, term\u00e9szetes, hogy agg\u00f3dunk \u00e9s v\u00e1laszokat keres\u00fcnk. Ebben a r\u00e9szletes cikkben minden fontos inform\u00e1ci\u00f3t \u00f6sszegy\u0171jt\u00f6tt\u00fcnk, amit a rejtett her\u00e9r\u0151l \u00e9s a herelesz\u00e1ll\u00e1si zavarokr\u00f3l tudni \u00e9rdemes, hogy seg\u00edts\u00fcnk eligazodni ebben a komplex t\u00e9m\u00e1ban.<\/p>\n\n\n\n<h2 class=\"wp-block-heading has-text-align-center\" id=\"mi-a-rejtett-here-es-a-hereleszallasi-zavar\">Mi a rejtett here \u00e9s a herelesz\u00e1ll\u00e1si zavar?<\/h2>\n\n\n\n<p class=\"has-text-align-center\">A rejtett here (m\u00e1s n\u00e9ven cryptorchismus, vagy retentio testis) \u00e9s a herelesz\u00e1ll\u00e1si zavarok olyan \u00e1llapotok, amikor egy vagy mindk\u00e9t here nem ereszkedik le megfelel\u0151en a herezacsk\u00f3ba. Norm\u00e1lis esetben a her\u00e9k lesz\u00e1ll\u00e1sa m\u00e1r a magzati fejl\u0151d\u00e9s sor\u00e1n befejez\u0151dik, id\u0151re sz\u00fcletett, \u00e9rett, eg\u00e9szs\u00e9ges fi\u00fa \u00fajsz\u00fcl\u00f6ttn\u00e9l a her\u00e9k a bor\u00e9kban j\u00f3l tapinthat\u00f3ak. Ha ez nem t\u00f6rt\u00e9nik meg, rejtett her\u00e9r\u0151l vagy herelesz\u00e1ll\u00e1si zavarr\u00f3l besz\u00e9l\u00fcnk.<\/p>\n\n\n\n<h2 class=\"wp-block-heading has-text-align-center\" id=\"a-rejtett-here-tipusai\">A rejtett here t\u00edpusai<\/h2>\n\n\n\n<p>A rejtett her\u00e9nek t\u00f6bb t\u00edpusa l\u00e9tezik, att\u00f3l f\u00fcgg\u0151en, hogy hol helyezkedik el a here:<\/p>\n\n\n\n<ol class=\"wp-block-list\">\n<li>Has\u00fcregi rejtett here: A here a has\u00fcregben marad.<\/li>\n\n\n\n<li>L\u00e1gy\u00e9ki rejtett here: A here a l\u00e1gy\u00e9kcsatorn\u00e1ban reked meg.<\/li>\n<\/ol>\n\n\n\n<p class=\"has-text-align-center\">A k\u00f6zhidelemmel ellent\u00e9t\u00e9ben az ingahere here (retractilis testis) nem betegs\u00e9g, csup\u00e1n er\u0151teljesebben kiv\u00e1lthat\u00f3 az az \u0151si reflex, ami vesz\u00e9lyhelyzet eset\u00e9n a her\u00e9k magasabb \u00e1ll\u00e1s\u00e1t eredm\u00e9nyezi. Fontos, hogy ilyenkor meleg k\u00e1df\u00fcrd\u0151ben otthoni k\u00f6rnyezetben a her\u00e9k a zacsk\u00f3ban k\u00f6nnyen tapinthat\u00f3ak.<\/p>\n\n\n\n<h2 class=\"wp-block-heading has-text-align-center\" id=\"a-rejtett-here-es-hereleszallasi-zavarok-okai\">A rejtett here \u00e9s herelesz\u00e1ll\u00e1si zavarok okai<\/h2>\n\n\n\n<p>A pontos okok nem minden esetben ismertek, de t\u00f6bb t\u00e9nyez\u0151 is k\u00f6zrej\u00e1tszhat a rejtett here kialakul\u00e1s\u00e1ban:<\/p>\n\n\n\n<ul class=\"wp-block-list\">\n<li>Hormon\u00e1lis egyens\u00falyhi\u00e1ny a magzati fejl\u0151d\u00e9s sor\u00e1n<\/li>\n\n\n\n<li>Genetikai t\u00e9nyez\u0151k<\/li>\n\n\n\n<li>K\u00f6rnyezeti hat\u00e1sok (pl. anyai doh\u00e1nyz\u00e1s, alkoholfogyaszt\u00e1s)<\/li>\n\n\n\n<li>Korasz\u00fcl\u00f6tts\u00e9g<\/li>\n<\/ul>\n\n\n\n<p class=\"has-text-align-center\">Fontos megjegyezni, hogy a rejtett here \u00e9s a herelesz\u00e1ll\u00e1si zavarok nem a sz\u00fcl\u0151k hib\u00e1j\u00e1b\u00f3l alakulnak ki. Ez egy olyan \u00e1llapot, ami sz\u00e1mos t\u00e9nyez\u0151 egy\u00fcttes hat\u00e1s\u00e1ra j\u00f6het l\u00e9tre.<\/p>\n\n\n\n<h2 class=\"wp-block-heading has-text-align-center\" id=\"a-rejtett-here-es-hereleszallasi-zavarok-gyakorisaga\">A rejtett here \u00e9s herelesz\u00e1ll\u00e1si zavarok gyakoris\u00e1ga<\/h2>\n\n\n\n<p class=\"has-text-align-center\">A rejtett here viszonylag gyakori probl\u00e9ma \u00fajsz\u00fcl\u00f6ttekn\u00e9l. Az id\u0151re sz\u00fcletett fi\u00facsecsem\u0151k k\u00f6r\u00fclbel\u00fcl 3-5%-\u00e1n\u00e1l fordul el\u0151, m\u00edg korasz\u00fcl\u00f6ttekn\u00e9l ez az ar\u00e1ny ak\u00e1r 30% is lehet. J\u00f3 h\u00edr, hogy az esetek egy r\u00e9sz\u00e9ben, \u00e9s k\u00fcl\u00f6n\u00f6sen a korasz\u00fcl\u00f6ttek eset\u00e9n a her\u00e9k lesz\u00e1ll\u00e1sa a megsz\u00fclet\u00e9st k\u00f6vet\u0151en m\u00e9g komplett\u00e1l\u00f3dhat; \u00edgy az egy \u00e9ves \u00e9letkorra m\u00e1r csak a fi\u00fak 1%-ban marad fenn a probl\u00e9ma.<\/p>\n\n\n\n<h2 class=\"wp-block-heading has-text-align-center\" id=\"a-rejtett-here-es-hereleszallasi-zavarok-felismerese\">A rejtett here \u00e9s herelesz\u00e1ll\u00e1si zavarok felismer\u00e9se<\/h2>\n\n\n\n<h3 class=\"wp-block-heading has-text-align-center\" id=\"tunetek-es-jelek\">T\u00fcnetek \u00e9s jelek<\/h3>\n\n\n\n<p class=\"has-text-align-center\">A rejtett here \u00e9s herelesz\u00e1ll\u00e1si zavarok els\u0151dleges jele, hogy a herezacsk\u00f3ban nem tapinthat\u00f3 vagy l\u00e1that\u00f3 egyik vagy mindk\u00e9t here. Ez \u00e1ltal\u00e1ban m\u00e1r az \u00fajsz\u00fcl\u00f6ttkori vizsg\u00e1lat sor\u00e1n kider\u00fcl, de n\u00e9ha csak k\u00e9s\u0151bb v\u00e1lik nyilv\u00e1nval\u00f3v\u00e1.<\/p>\n\n\n\n<h3 class=\"wp-block-heading has-text-align-center\" id=\"diagnozis\">Diagn\u00f3zis<\/h3>\n\n\n\n<p class=\"has-text-align-center\">A diagn\u00f3zis fel\u00e1ll\u00edt\u00e1sa fizik\u00e1lis vizsg\u00e1lattal t\u00f6rt\u00e9nik. Az orvos tapint\u00e1ssal pr\u00f3b\u00e1lja meg\u00e1llap\u00edtani a her\u00e9k helyzet\u00e9t. Ha a here egy\u00e1ltal\u00e1n nem tapinthat\u00f3, akkor mindenk\u00e9ppen has\u00fcregi t\u00fckr\u00f6z\u00e9sre (laparoszk\u00f3pi\u00e1ra) van sz\u00fcks\u00e9g.<\/p>\n\n\n\n<p class=\"has-text-align-center\">A k\u00e9palkot\u00f3 vizsg\u00e1latok (UH, MRI) nem alkalmasak a pontos diagnosztik\u00e1ra, ez\u00e9rt elv\u00e9gz\u00e9s\u00fck csak egy\u00e9b t\u00e1rsul\u00f3 rendelleness\u00e9g gyan\u00faja (pl. nemi differenci\u00e1l\u00f3d\u00e1s zavara) eset\u00e9n indokolt!<\/p>\n\n\n\n<h2 class=\"wp-block-heading has-text-align-center\" id=\"a-rejtett-here-es-hereleszallasi-zavarok-kezelese\">A rejtett here \u00e9s herelesz\u00e1ll\u00e1si zavarok kezel\u00e9se<\/h2>\n\n\n\n<div class=\"wp-block-media-text is-stacked-on-mobile\"><figure class=\"wp-block-media-text__media\"><img fetchpriority=\"high\" decoding=\"async\" width=\"667\" height=\"1000\" src=\"https:\/\/gyermeksebeszet.hu\/wp-content\/uploads\/2025\/01\/rejtett-here-mutet.webp\" alt=\"Rejtett here m\u0171t\u00e9t\" class=\"wp-image-1055 size-full\" srcset=\"https:\/\/gyermeksebeszet.hu\/wp-content\/uploads\/2025\/01\/rejtett-here-mutet.webp 667w, https:\/\/gyermeksebeszet.hu\/wp-content\/uploads\/2025\/01\/rejtett-here-mutet-467x700.webp 467w, https:\/\/gyermeksebeszet.hu\/wp-content\/uploads\/2025\/01\/rejtett-here-mutet-8x12.webp 8w\" sizes=\"(max-width: 667px) 100vw, 667px\" \/><\/figure><div class=\"wp-block-media-text__content\">\n<p class=\"has-text-align-center\">Magyarorsz\u00e1gon \u00e9rv\u00e9nyes szakmai ir\u00e1nyelv \u00e1ll rendelkez\u00e9sre a herelesz\u00e1ll\u00e1si zavarok egys\u00e9ges, id\u0151ben t\u00f6rt\u00e9n\u0151 kezel\u00e9s\u00e9nek optimaliz\u00e1l\u00e1sa c\u00e9lj\u00e1b\u00f3l.<\/p>\n\n\n\n<p class=\"has-text-align-center\"><a href=\"http:\/\/neak.gov.hu\/pfile\/file?path=\/letoltheto\/EOSZEF_letoltheto_doku\/002172-2021_A_hereleszallasi_zavar_illetve_a_nem_tapinthato_here_kezeleserol&amp;inline=true\" target=\"_blank\" rel=\"noopener\">http:\/\/neak.gov.hu\/pfile\/file?path=\/letoltheto\/EOSZEF_letoltheto_doku\/002172-2021_A_hereleszallasi_zavar_illetve_a_nem_tapinthato_here_kezeleserol&amp;inline=true<\/a><\/p>\n\n\n\n<p class=\"has-text-align-center\">Ennek \u00e9rtelm\u00e9ben a val\u00f3di herelesz\u00e1ll\u00e1si zavarok kezel\u00e9s\u00e9nek 12 h\u00f3napos \u00e9letkorig, de legk\u00e9s\u0151bb a 18. h\u00f3napig meg kell t\u00f6rt\u00e9nnie.<\/p>\n\n\n\n<p class=\"has-text-align-center\">Val\u00f3di rejtett her\u00e9j\u0171s\u00e9g eset\u00e9n a k\u00f3rk\u00e9p ell\u00e1t\u00e1sa m\u0171t\u00e9ti ell\u00e1t\u00e1st, azaz a herefix\u00e1l\u00e1st (orchidopexia) jelent, m\u00edg nem tapinthat\u00f3 here eset\u00e9n has\u00fcregi t\u00fckr\u00f6z\u00e9ssel kell meggy\u0151z\u0151dni a her\u00e9k megl\u00e9t\u00e9r\u0151l, poz\u00edci\u00f3j\u00e1r\u00f3l.<\/p>\n\n\n\n<p class=\"has-text-align-center\">Hormonkezel\u00e9s rejtet here gyan\u00faja miat nem indokolt, szakmailag nem elfogadhat\u00f3!<\/p>\n<\/div><\/div>\n\n\n\n<h2 class=\"wp-block-heading has-text-align-center\" id=\"a-rejtett-here-es-hereleszallasi-zavarok-kovetkezmenyei\">A rejtett here \u00e9s herelesz\u00e1ll\u00e1si zavarok k\u00f6vetkezm\u00e9nyei<\/h2>\n\n\n\n<p>Ha nem kezelik id\u0151ben, a rejtett here \u00e9s a herelesz\u00e1ll\u00e1si zavarok t\u00f6bb probl\u00e9m\u00e1t is okozhatnak:<\/p>\n\n\n\n<ul class=\"wp-block-list\">\n<li>Term\u00e9kenys\u00e9gi probl\u00e9m\u00e1k: A magasabb h\u0151m\u00e9rs\u00e9klet a has\u00fcregben vagy a l\u00e1gy\u00e9kcsatorn\u00e1ban k\u00e1ros\u00edthatja a spermatermel\u0151 sejteket.<\/li>\n\n\n\n<li>Herecsavarod\u00e1s: A rejtett her\u00e9n\u00e9l nagyobb a kock\u00e1zata a herecsavarod\u00e1snak, ami s\u00fcrg\u0151ss\u00e9gi \u00e1llapot.<\/li>\n\n\n\n<li>Herer\u00e1k: A rejtett her\u00e9vel rendelkez\u0151 f\u00e9rfiakn\u00e1l magasabb a herer\u00e1k kialakul\u00e1s\u00e1nak kock\u00e1zata. Has\u00fcregi here eset\u00e9n a kock\u00e1zat 10-15-sz\u00f6r\u00f6s!<\/li>\n<\/ul>\n\n\n\n<h2 class=\"wp-block-heading has-text-align-center\" id=\"megelozes-es-szures\">Megel\u0151z\u00e9s \u00e9s sz\u0171r\u00e9s<\/h2>\n\n\n\n<p>A rejtett here \u00e9s herelesz\u00e1ll\u00e1si zavarok megel\u0151z\u00e9se nem mindig lehets\u00e9ges, de n\u00e9h\u00e1ny l\u00e9p\u00e9ssel cs\u00f6kkenthet\u0151 a kock\u00e1zat:<\/p>\n\n\n\n<ul class=\"wp-block-list\">\n<li>Terhess\u00e9g alatti eg\u00e9szs\u00e9ges \u00e9letm\u00f3d<\/li>\n\n\n\n<li>Rendszeres orvosi ellen\u0151rz\u00e9sek a terhess\u00e9g sor\u00e1n<\/li>\n\n\n\n<li>\u00dajsz\u00fcl\u00f6ttkori \u00e9s csecsem\u0151kori sz\u0171r\u0151vizsg\u00e1latok<\/li>\n<\/ul>\n\n\n\n<h2 class=\"wp-block-heading has-text-align-center\" id=\"mit-tehetnek-a-szulok\">Mit tehetnek a sz\u00fcl\u0151k?<\/h2>\n\n\n\n<p>Ha gyermek\u00e9n\u00e9l rejtett her\u00e9t vagy herelesz\u00e1ll\u00e1si zavart diagnosztiz\u00e1ltak, ne essen p\u00e1nikba. \u00cdme n\u00e9h\u00e1ny tan\u00e1cs:<\/p>\n\n\n\n<ol class=\"wp-block-list\">\n<li>K\u00f6vesse az orvos utas\u00edt\u00e1sait \u00e9s j\u00e1rjon rendszeresen ellen\u0151rz\u00e9sre.\n<ul class=\"wp-block-list\">\n<li>Tapasztalt gyermekseb\u00e9szk\u00e9nt t\u00f6bb \u00e9vtizedes tapasztalattal rendelkezem ezen a ter\u00fcleten, \u00e9s szem\u00e9lyre szabott kezel\u00e9si tervet dolgozok ki minden kis p\u00e1ciensem sz\u00e1m\u00e1ra.\n<ul class=\"wp-block-list\">\n<li><span style=\"color: initial;\">A rendszeres konzult\u00e1ci\u00f3 \u00e9s ut\u00e1nk\u00f6vet\u00e9s biztos\u00edtja, hogy gyermeke a lehet\u0151 legjobb ell\u00e1t\u00e1sban r\u00e9szes\u00fclj\u00f6n.<\/span>\n<ul class=\"wp-block-list\">\n<li>El\u00e9rhet\u0151 vagyok <a href=\"https:\/\/medicall.cc\/idopontfoglalas\/prestigehospital\/doctors?specializationId=50939\" target=\"_blank\" rel=\"noopener\">mag\u00e1nrendel\u00e9semen<\/a>, ahol r\u00e9szletes tan\u00e1csad\u00e1st \u00e9s kezel\u00e9st biztos\u00edtok az \u00e9rintett csal\u00e1doknak.<\/li>\n<\/ul>\n<\/li>\n<\/ul>\n<\/li>\n<\/ul>\n<\/li>\n\n\n\n<li>Ha m\u0171t\u00e9tre van sz\u00fcks\u00e9g, k\u00e9sz\u00edtse fel gyermek\u00e9t a beavatkoz\u00e1sra \u00e9letkor\u00e1nak megfelel\u0151en.<\/li>\n\n\n\n<li>A m\u0171t\u00e9t ut\u00e1n figyeljen a megfelel\u0151 ut\u00f3gondoz\u00e1sra \u00e9s f\u00e1jdalomcsillap\u00edt\u00e1sra.<\/li>\n\n\n\n<li>T\u00e1mogassa gyermek\u00e9t \u00e9rzelmileg a folyamat sor\u00e1n.<\/li>\n<\/ol>\n\n\n\n<h2 class=\"wp-block-heading has-text-align-center\" id=\"gyakori-kerdesek-a-rejtett-hererol-es-hereleszallasi-zavarokrol\">Gyakori k\u00e9rd\u00e9sek a rejtett her\u00e9r\u0151l \u00e9s herelesz\u00e1ll\u00e1si zavarokr\u00f3l<\/h2>\n\n\n<div id=\"rank-math-faq\" class=\"rank-math-block\" style=\"text-align:center\">\n<div class=\"rank-math-list\">\n<div id=\"faq-question-1738330719634\" class=\"rank-math-list-item\">\n<h3 class=\"rank-math-question\">1. F\u00e1jdalmas-e a rejtett here a gyermek sz\u00e1m\u00e1ra?<\/h3>\n<div class=\"rank-math-answer\">\n\n<p>A rejtett here \u00f6nmag\u00e1ban \u00e1ltal\u00e1ban nem okoz f\u00e1jdalmat a gyermeknek. Azonban bizonyos komplik\u00e1ci\u00f3k, mint p\u00e9ld\u00e1ul a herecsavarod\u00e1s vagy becs\u00edp\u0151d\u00e9s, hirtelen \u00e9s er\u0151s f\u00e1jdalommal j\u00e1rhatnak. Fontos, hogy a sz\u00fcl\u0151k figyeljenek gyermek\u00fck esetleges panaszaira, k\u00fcl\u00f6n\u00f6sen, ha hasi vagy l\u00e1gy\u00e9ki f\u00e1jdalomr\u00f3l sz\u00e1mol be. Ha ilyen t\u00fcnetek jelentkeznek, azonnal orvoshoz kell fordulni, mert s\u00fcrg\u0151s beavatkoz\u00e1sra lehet sz\u00fcks\u00e9g.<\/p>\n\n<\/div>\n<\/div>\n<div id=\"faq-question-1738330770457\" class=\"rank-math-list-item\">\n<h3 class=\"rank-math-question\">2. Befoly\u00e1solja-e a rejtett here a pubert\u00e1st?<\/h3>\n<div class=\"rank-math-answer\">\n\n<p>A megfelel\u0151en \u00e9s id\u0151ben kezelt rejtett here \u00e1ltal\u00e1ban nem befoly\u00e1solja jelent\u0151sen a pubert\u00e1st. Azonban kezeletlen esetekben hat\u00e1ssal lehet a hormontermel\u00e9sre \u00e9s a m\u00e1sodlagos nemi jellegek kialakul\u00e1s\u00e1ra. A here fontos szerepet j\u00e1tszik a tesztoszteron termel\u00e9s\u00e9ben, ami kulcsfontoss\u00e1g\u00fa a pubert\u00e1s sor\u00e1n. Ez\u00e9rt is kiemelten fontos a korai diagn\u00f3zis \u00e9s kezel\u00e9s, hogy minimaliz\u00e1ljuk a hossz\u00fa t\u00e1v\u00fa hat\u00e1sokat a gyermek fejl\u0151d\u00e9s\u00e9re.<\/p>\n\n<\/div>\n<\/div>\n<div id=\"faq-question-1738330792147\" class=\"rank-math-list-item\">\n<h3 class=\"rank-math-question\">3. Milyen gyakran kell ellen\u0151rizni a gyermeket m\u0171t\u00e9t ut\u00e1n?<\/h3>\n<div class=\"rank-math-answer\">\n\n<p>A m\u0171t\u00e9t ut\u00e1ni ellen\u0151rz\u00e9sek gyakoris\u00e1ga f\u00fcgg a gyermek egy\u00e9ni \u00e1llapot\u00e1t\u00f3l \u00e9s a m\u0171t\u00e9t sikeress\u00e9g\u00e9t\u0151l. \u00c1ltal\u00e1ban a m\u0171t\u00e9tet k\u00f6vet\u0151en 6 h\u00e9ttel \u00e9s 1 \u00e9vvel javasolt a seb\u00e9szi ellen\u0151rz\u00e9s, majd \u00e9vente egyszer h\u00e1ziorvosi kontroll, eg\u00e9szen a pubert\u00e1s v\u00e9g\u00e9ig. Ezek az ellen\u0151rz\u00e9sek lehet\u0151v\u00e9 teszik az orvos sz\u00e1m\u00e1ra, hogy nyomon k\u00f6vesse a here helyzet\u00e9t \u00e9s fejl\u0151d\u00e9s\u00e9t. Fontos, hogy a sz\u00fcl\u0151k tarts\u00e1k be az orvos \u00e1ltal javasolt ellen\u0151rz\u00e9si \u00fctemtervet a legjobb hossz\u00fa t\u00e1v\u00fa eredm\u00e9nyek \u00e9rdek\u00e9ben.<\/p>\n\n<\/div>\n<\/div>\n<div id=\"faq-question-1738330817351\" class=\"rank-math-list-item\">\n<h3 class=\"rank-math-question\">4. Lehet-e gyermeke annak, akinek rejtett her\u00e9je volt?<\/h3>\n<div class=\"rank-math-answer\">\n\n<p>A megfelel\u0151en \u00e9s id\u0151ben kezelt rejtett her\u00e9vel rendelkez\u0151 f\u00e9rfiak t\u00f6bbs\u00e9ge k\u00e9pes gyermeket nemzeni. A term\u00e9kenys\u00e9g es\u00e9lye f\u00fcgg att\u00f3l, hogy egy- vagy k\u00e9toldali volt-e a probl\u00e9ma, illetve, hogy mikor t\u00f6rt\u00e9nt a kezel\u00e9s. Ha a m\u0171t\u00e9tet a javasolt id\u0151ben, 18 h\u00f3napos kor el\u0151tt v\u00e9gzik el, a term\u00e9kenys\u00e9gi kil\u00e1t\u00e1sok jelent\u0151sen javulnak. Azonban, ha mindk\u00e9t here \u00e9rintett volt, vagy a kezel\u00e9s k\u00e9sett, a term\u00e9kenys\u00e9g cs\u00f6kkenhet, de ez nem jelenti azt, hogy lehetetlen lenne a gyermeknemz\u00e9s.<\/p>\n\n<\/div>\n<\/div>\n<div id=\"faq-question-1738330839893\" class=\"rank-math-list-item\">\n<h3 class=\"rank-math-question\">5. Hogyan k\u00e9sz\u00edtsem fel a gyermekemet a m\u0171t\u00e9tre?<\/h3>\n<div class=\"rank-math-answer\">\n\n<p>A gyermek m\u0171t\u00e9tre val\u00f3 felk\u00e9sz\u00edt\u00e9se f\u00fcgg a kor\u00e1t\u00f3l \u00e9s \u00e9rzelmi \u00e9retts\u00e9g\u00e9t\u0151l. Fontos, hogy \u0151szint\u00e9n \u00e9s egyszer\u0171en magyar\u00e1zzuk el, mi fog t\u00f6rt\u00e9nni, \u00e9letkor\u00e1nak megfelel\u0151 szavakkal. Biztos\u00edtsuk a gyermeket, hogy az orvosok \u00e9s n\u0151v\u00e9rek seg\u00edteni fognak neki, \u00e9s hogy a m\u0171t\u00e9t ut\u00e1n jobban lesz. Adjunk lehet\u0151s\u00e9get a k\u00e9rdez\u00e9sre, \u00e9s v\u00e1laszoljunk t\u00fcrelmesen minden felmer\u00fcl\u0151 k\u00e9rd\u00e9sre. A m\u0171t\u00e9t napj\u00e1n vigy\u00fcnk magunkkal egy kedvenc j\u00e1t\u00e9kot vagy takar\u00f3t, ami biztons\u00e1g\u00e9rzetet ad a gyermeknek a k\u00f3rh\u00e1zi k\u00f6rnyezetben.<\/p>\n\n<\/div>\n<\/div>\n<\/div>\n<\/div>\n\n\n<h2 class=\"wp-block-heading has-text-align-center\" id=\"osszefoglalas\">\u00d6sszefoglal\u00e1s<\/h2>\n\n\n\n<p class=\"has-text-align-center\">A rejtett here \u00e9s a herelesz\u00e1ll\u00e1si zavarok gyakori probl\u00e9m\u00e1k, amelyek aggodalmat okozhatnak a sz\u00fcl\u0151knek. Fontos tudni, hogy ezek az \u00e1llapotok \u00e1ltal\u00e1ban j\u00f3l kezelhet\u0151k, k\u00fcl\u00f6n\u00f6sen, ha id\u0151ben felismerik \u00e9s megfelel\u0151en kezelik \u0151ket.<\/p>\n\n\n\n<p class=\"has-text-align-center\">A rendszeres orvosi ellen\u0151rz\u00e9sek, a korai diagn\u00f3zis \u00e9s a megfelel\u0151 kezel\u00e9s kulcsfontoss\u00e1g\u00fa a hossz\u00fa t\u00e1v\u00fa eg\u00e9szs\u00e9g \u00e9s j\u00f3ll\u00e9t szempontj\u00e1b\u00f3l. Mint sz\u00fcl\u0151, a legt\u00f6bbet \u00fagy tehet gyermek\u00e9\u00e9rt, ha odafigyel az esetleges t\u00fcnetekre, rendszeresen elviszi orvosi vizsg\u00e1latokra, \u00e9s k\u00f6veti az orvos utas\u00edt\u00e1sait.<\/p>\n\n\n\n<p class=\"has-text-align-center\">Ne feledje, hogy a rejtett here \u00e9s a herelesz\u00e1ll\u00e1si zavarok kezelhet\u0151k, \u00e9s a legt\u00f6bb \u00e9rintett gyermek teljes \u00e9s eg\u00e9szs\u00e9ges \u00e9letet \u00e9lhet.<\/p>\n\n\n\n<p class=\"has-text-align-center\">Ha b\u00e1rmilyen k\u00e9rd\u00e9se vagy agg\u00e1lya van gyermeke eg\u00e9szs\u00e9g\u00e9vel kapcsolatban, mindig forduljon bizalommal gyermekorvos\u00e1hoz vagy urol\u00f3gus szakorvoshoz.<\/p>\n\n\n\n<p class=\"has-text-align-center\">Az \u0151 szak\u00e9rtelm\u00fck \u00e9s t\u00e1mogat\u00e1suk seg\u00edthet abban, hogy gyermeke a lehet\u0151 legjobb ell\u00e1t\u00e1st kapja, \u00e9s eg\u00e9szs\u00e9gesen n\u0151hessen fel.<\/p>\n\n\n\n<h2 class=\"wp-block-heading has-text-align-center\" id=\"lepjen-kapcsolatba-a-szakertovel\">L\u00e9pjen kapcsolatba a szak\u00e9rt\u0151vel!<\/h2>\n\n\n\n<p class=\"has-text-align-center\">Amennyiben gyermek\u00e9n\u00e9l rejtett her\u00e9t vagy herelesz\u00e1ll\u00e1si zavart diagnosztiz\u00e1ltak, vagy gyan\u00edtja ezeket a probl\u00e9m\u00e1kat, ne habozzon szak\u00e9rt\u0151 seg\u00edts\u00e9g\u00e9t k\u00e9rni.<\/p>\n\n\n\n<p class=\"has-text-align-center\">T\u00f6bb \u00e9vtizedes tapasztalatommal \u00e9s szaktud\u00e1sommal \u00e1llok az \u00d6n \u00e9s gyermeke rendelkez\u00e9s\u00e9re Debrecenben \u00e9s <a href=\"https:\/\/medicall.cc\/idopontfoglalas\/prestigehospital\/doctors?specializationId=50939\" target=\"_blank\" rel=\"noopener\">Ny\u00edregyh\u00e1z\u00e1n<\/a>.<\/p>\n\n\n\n<p>K\u00e9rjen id\u0151pontot m\u00e9g ma rendel\u00e9semre, \u00e9s biztos\u00edtsa gyermeke sz\u00e1m\u00e1ra a lehet\u0151 legjobb ell\u00e1t\u00e1st!<\/p>\n\n\n\n<p class=\"has-text-align-center\"><strong>Debreceni rendel\u00e9s<\/strong>re h\u00edvja a <strong>+36-52-411-717\/54281<\/strong> telefonsz\u00e1mot, vagy \u00edrjon emailt a <a href=\"mailto:dekkgyermeksebeszet@gmail.com\">dekkgyermeksebeszet@gmail.com<\/a> c\u00edmre; <strong>a ny\u00edregyh\u00e1zi mag\u00e1nrendel\u00e9sre<\/strong> pedig a <strong>+36 42-512-990<\/strong> telefonsz\u00e1mon vagy k\u00f6zvetlen\u00fcl a weboldalunkon <a href=\"https:\/\/gyermeksebeszet.hu\/en\/kapcsolat\/\">http:\/\/www.gyermeksebeszet.hu\/kapcsolat<\/a> k\u00e9rhet el\u0151jegyz\u00e9st.<\/p>\n\n\n\n<p class=\"has-text-align-center\">Gyermeke eg\u00e9szs\u00e9ge meg\u00e9rdemli a legjobb szak\u00e9rt\u0151i gondoskod\u00e1st!<\/p>\n\n\n\n<p>K\u00f6sz\u00f6n\u00f6m, hogy elolvasta ezt a r\u00e9szletes cikket a rejtett her\u00e9r\u0151l \u00e9s herelesz\u00e1ll\u00e1si zavarokr\u00f3l!<\/p>\n\n\n\n<p class=\"has-text-align-center\">Ha hasznosnak tal\u00e1lta az inform\u00e1ci\u00f3kat, k\u00e9rem, ossza meg ismer\u0151seivel, k\u00fcl\u00f6n\u00f6sen olyan sz\u00fcl\u0151kkel, akiknek kisfiuk van.<\/p>\n\n\n\n<p class=\"has-text-align-center\">A korai felismer\u00e9s \u00e9s kezel\u00e9s kulcsfontoss\u00e1g\u00fa ezekn\u00e9l a probl\u00e9m\u00e1kn\u00e1l, ez\u00e9rt min\u00e9l t\u00f6bben tudnak r\u00f3la, ann\u00e1l jobb.<\/p>\n\n\n\n<h3 class=\"wp-block-heading has-text-align-center\" id=\"az-on-megosztasa-akar-egy-gyermek-egeszseget-is-megmentheti\"><strong>Az \u00d6n megoszt\u00e1sa ak\u00e1r egy gyermek eg\u00e9szs\u00e9g\u00e9t is megmentheti!<\/strong><\/h3>\n\n\n\n<ul class=\"wp-block-social-links aligncenter has-visible-labels has-icon-color is-style-logos-only is-content-justification-center is-layout-flex wp-container-core-social-links-is-layout-a89b3969 wp-block-social-links-is-layout-flex\">\n\n\n\n\n\n\n\n\n\n\n\n<\/ul>\n\n\n\n<p class=\"has-text-align-center\">Ossza meg ezt a cikket k\u00f6z\u00f6ss\u00e9gi m\u00e9dia oldalain, k\u00fcldje el e-mailben bar\u00e1tainak, vagy besz\u00e9ljen r\u00f3la szem\u00e9lyesen ismer\u0151seinek.<\/p>\n\n\n\n<p class=\"has-text-align-center\">Minden megoszt\u00e1s sz\u00e1m\u00edt, \u00e9s hozz\u00e1j\u00e1rulhat a gyermekek eg\u00e9szs\u00e9g\u00e9nek meg\u0151rz\u00e9s\u00e9hez.<\/p>\n\n\n\n<p class=\"has-text-align-center\">K\u00f6sz\u00f6n\u00f6m, hogy seg\u00edt terjeszteni ezt a fontos inform\u00e1ci\u00f3t!<\/p>\n\n\n\n<p class=\"has-text-align-center\">Egy\u00fctt tehet\u00fcnk az\u00e9rt, hogy minden kisfi\u00fa eg\u00e9szs\u00e9gesen n\u0151hessen fel.<\/p>\n\n\n\n<p><\/p>","protected":false},"excerpt":{"rendered":"<p>Agg\u00f3dik gyermeke miatt? A rejtett here s\u00falyos k\u00f6vetkezm\u00e9nyekkel j\u00e1rhat, ha nem kezelik id\u0151ben! Ismerje meg a t\u00fcneteket \u00e9s a kezel\u00e9si lehet\u0151s\u00e9geket most azonnal!<\/p>","protected":false},"author":1,"featured_media":1054,"comment_status":"open","ping_status":"open","sticky":false,"template":"","format":"standard","meta":{"footnotes":""},"categories":[19],"tags":[30],"class_list":["post-1053","post","type-post","status-publish","format-standard","has-post-thumbnail","hentry","category-gyermeksebeszet","tag-rejtett-here-es-hereleszallasi-zavarok"],"_links":{"self":[{"href":"https:\/\/gyermeksebeszet.hu\/en\/wp-json\/wp\/v2\/posts\/1053","targetHints":{"allow":["GET"]}}],"collection":[{"href":"https:\/\/gyermeksebeszet.hu\/en\/wp-json\/wp\/v2\/posts"}],"about":[{"href":"https:\/\/gyermeksebeszet.hu\/en\/wp-json\/wp\/v2\/types\/post"}],"author":[{"embeddable":true,"href":"https:\/\/gyermeksebeszet.hu\/en\/wp-json\/wp\/v2\/users\/1"}],"replies":[{"embeddable":true,"href":"https:\/\/gyermeksebeszet.hu\/en\/wp-json\/wp\/v2\/comments?post=1053"}],"version-history":[{"count":3,"href":"https:\/\/gyermeksebeszet.hu\/en\/wp-json\/wp\/v2\/posts\/1053\/revisions"}],"predecessor-version":[{"id":1058,"href":"https:\/\/gyermeksebeszet.hu\/en\/wp-json\/wp\/v2\/posts\/1053\/revisions\/1058"}],"wp:featuredmedia":[{"embeddable":true,"href":"https:\/\/gyermeksebeszet.hu\/en\/wp-json\/wp\/v2\/media\/1054"}],"wp:attachment":[{"href":"https:\/\/gyermeksebeszet.hu\/en\/wp-json\/wp\/v2\/media?parent=1053"}],"wp:term":[{"taxonomy":"category","embeddable":true,"href":"https:\/\/gyermeksebeszet.hu\/en\/wp-json\/wp\/v2\/categories?post=1053"},{"taxonomy":"post_tag","embeddable":true,"href":"https:\/\/gyermeksebeszet.hu\/en\/wp-json\/wp\/v2\/tags?post=1053"}],"curies":[{"name":"wp","href":"https:\/\/api.w.org\/{rel}","templated":true}]}}