{"id":1032,"date":"2025-01-25T11:13:56","date_gmt":"2025-01-25T10:13:56","guid":{"rendered":"https:\/\/gyermeksebeszet.hu\/?p=1032"},"modified":"2025-01-25T11:13:58","modified_gmt":"2025-01-25T10:13:58","slug":"vizserv","status":"publish","type":"post","link":"https:\/\/gyermeksebeszet.hu\/en\/vizserv\/","title":{"rendered":"V\u00edzs\u00e9rv: 5 meglep\u0151 t\u00fcnet, amire figyelj oda!"},"content":{"rendered":"<div class=\"wp-block-rank-math-toc-block\" id=\"rank-math-toc\"><h2>Tartalomjegyz\u00e9k<\/h2><nav><ul><li class=\"\"><a href=\"#hogyan-ismerheted-fel-a-vizservet\">\nHogyan ismerheted fel a v\u00edzs\u00e9rvet?<\/a><\/li><li class=\"\"><a href=\"#varakozas-es-megfigyeles\">\nV\u00e1rakoz\u00e1s \u00e9s megfigyel\u00e9s<\/a><\/li><li class=\"\"><a href=\"#sebeszeti-beavatkozas\">Seb\u00e9szeti beavatkoz\u00e1s<\/a><ul><li class=\"\"><a href=\"#hagyomanyos-lagyektaji-feltaras-soran\">Hagyom\u00e1nyos, l\u00e1gy\u00e9kt\u00e1ji felt\u00e1r\u00e1s sor\u00e1n:<\/a><\/li><li class=\"\"><a href=\"#laparoscopos-mutet-soran-kozlekedo-vizservek\">Laparoscopos m\u0171t\u00e9t sor\u00e1n (k\u00f6zleked\u0151 v\u00edzs\u00e9rvek)<\/a><\/li><\/ul><\/li><li class=\"\"><a href=\"#faq-question-1737799391196\">1. Elm\u00falik-e mag\u00e1t\u00f3l a v\u00edzs\u00e9rv a gyermekemn\u00e9l, vagy sz\u00fcks\u00e9ges a m\u0171t\u00e9t?<\/a><\/li><li class=\"\"><a href=\"#faq-question-1737799428096\">2. Vesz\u00e9lyes-e a v\u00edzs\u00e9rv a gyermekem eg\u00e9szs\u00e9g\u00e9re hossz\u00fa t\u00e1von?<\/a><\/li><li class=\"\"><a href=\"#faq-question-1737799461049\">3. Hogyan k\u00fcl\u00f6nb\u00f6ztethetem meg otthon a v\u00edzs\u00e9rvet a l\u00e1gy\u00e9ks\u00e9rvt\u0151l?<\/a><\/li><li class=\"\"><a href=\"#faq-question-1737799493488\">4. Befoly\u00e1solja-e a v\u00edzs\u00e9rv a gyermekem k\u00e9s\u0151bbi term\u00e9kenys\u00e9g\u00e9t vagy nemi fejl\u0151d\u00e9s\u00e9t?<\/a><\/li><li class=\"\"><a href=\"#faq-question-1737799522728\">5. Mit tehetek sz\u00fcl\u0151k\u00e9nt a v\u00edzs\u00e9rv megel\u0151z\u00e9se \u00e9rdek\u00e9ben, vagy hogy seg\u00edtsek a gy\u00f3gyul\u00e1sban?<\/a><\/li><li class=\"\"><a href=\"#van-kerdese-vagy-aggodik-gyermekeert-keressen-bizalommal-kerje-dr-sasi-szabo-laszlo-foorvost\">Van k\u00e9rd\u00e9se, vagy agg\u00f3dik gyermek\u00e9\u00e9rt? Keressen bizalommal, k\u00e9rje Dr. Sasi Szab\u00f3 L\u00e1szl\u00f3 f\u0151orvost!<\/a><\/li><li class=\"\"><a href=\"#elerhetosegek\">El\u00e9rhet\u0151s\u00e9gek:<\/a><\/li><\/ul><\/nav><\/div>\n\n\n\n<h1 class=\"wp-block-heading has-text-align-center\" id=\"gyermekeknel-elofordulo-vizserv-minden-amit-tudni-erdemes\"><br>Gyermekekn\u00e9l el\u0151fordul\u00f3 v\u00edzs\u00e9rv: minden, amit tudni \u00e9rdemes<\/h1>\n\n\n\n<p class=\"has-text-align-center has-black-color has-text-color has-link-color wp-elements-51169256e179c5f9bbdea7cf4fe99219\"><br>Sz\u00fcl\u0151k\u00e9nt nincs fontosabb, mint a gyermek\u00fcnk eg\u00e9szs\u00e9ge. Ha a herezacsk\u00f3n\u00e1l duzzanatot tapasztalsz, az aggodalom term\u00e9szetes. A legt\u00f6bb esetben azonban egy viszonylag \u00e1rtalmatlan \u00e1llapotr\u00f3l van sz\u00f3, amelyet az orvosok <strong>hydrocel\u00e9nek<\/strong>, vagyis v\u00edzs\u00e9rvnek neveznek. Ebben a cikkben r\u00e9szletesen bemutatom, hogy mi is ez az \u00e1llapot, hogyan ismerheted fel, mit tehetsz ellene, \u00e9s mikor van sz\u00fcks\u00e9g orvosi beavatkoz\u00e1sra.<\/p>\n\n\n\n<h2 class=\"wp-block-heading has-text-align-center\"><br>Mi az a v\u00edzs\u00e9rv (hydrocele), \u00e9s mi\u00e9rt alakul ki?<\/h2>\n\n\n\n<p class=\"has-text-align-center\"><br>A v\u00edzs\u00e9rv egy olyan \u00e1llapot, amely sor\u00e1n folyad\u00e9k halmoz\u00f3dik fel a herezacsk\u00f3ban, pontosabban a hereburkon bel\u00fcl. Ez leggyakrabban velesz\u00fcletett \u00e1llapot, \u00e9s f\u0151k\u00e9nt csecsem\u0151kn\u00e9l fordul el\u0151. \u00c1ltal\u00e1ban az oka, hogy a has\u00fcreg \u00e9s a herezacsk\u00f3 k\u00f6z\u00f6tt a magzati korban a her\u00e9k lesz\u00e1ll\u00e1s\u00e1hoz sz\u00fcks\u00e9ges csatorna nem z\u00e1r\u00f3dik le megfelel\u0151en. Ez lehet\u0151v\u00e9 teszi, hogy a has\u00fcregb\u0151l folyad\u00e9k sziv\u00e1rogjon a here k\u00f6r\u00fcli burokba.<\/p>\n\n\n\n<h3 class=\"wp-block-heading has-text-align-left\" id=\"hogyan-ismerheted-fel-a-vizservet\"><br>Hogyan ismerheted fel a v\u00edzs\u00e9rvet?<\/h3>\n\n\n\n<p><br>A hydrocele f\u0151 t\u00fcnete a herezacsk\u00f3 <strong>l\u00e1that\u00f3, f\u00e1jdalmatlan duzzanata<\/strong>, amely jellemz\u0151en puha \u00e9s folyad\u00e9kkal telt. Az al\u00e1bbi jelekre \u00e9rdemes figyelned:<\/p>\n\n\n\n<ol class=\"wp-block-list\">\n<li><strong>L\u00e1that\u00f3 \u00e9s tapinthat\u00f3 duzzanat<\/strong>: A duzzanat m\u00e9rete napk\u00f6zben v\u00e1ltozhat, p\u00e9ld\u00e1ul s\u00edr\u00e1s vagy er\u0151lk\u00f6d\u00e9s hat\u00e1s\u00e1ra nagyobb lehet. Fekv\u0151 helyzetben a t\u00f6ml\u0151 r\u00e9szben le\u00fcr\u00fcl, az\u00e9rt a v\u00edzs\u00e9rv reggel jellemz\u0151en kisebb, est\u00e9re megduzzad.<\/li>\n\n\n\n<li><strong>F\u00e1jdalommentess\u00e9g<\/strong>: A legt\u00f6bb esetben a gyermek nem \u00e9rzi a hydrocele jelenl\u00e9t\u00e9t, \u00e9s semmilyen kellemetlens\u00e9get nem tapasztal.<\/li>\n\n\n\n<li><strong>\u00c1tl\u00e1tsz\u00f3s\u00e1g<\/strong>: Ha f\u00e9nyt ir\u00e1ny\u00edtanak a duzzanatra (p\u00e9ld\u00e1ul zsebl\u00e1mp\u00e1val), az \u00e1llapotot folyad\u00e9ktartalma miatt \u201e\u00e1tl\u00e1tsz\u00f3nak\u201d l\u00e1tj\u00e1k.<\/li>\n<\/ol>\n\n\n\n<h2 class=\"wp-block-heading has-text-align-center\"><br>A v\u00edzs\u00e9rv (hydrocele) t\u00edpusai<\/h2>\n\n\n\n<p style=\"font-size:17px\"><br>Az \u00e1llapotnak k\u00e9t f\u0151 t\u00edpusa van, amelyek a csatorna \u00e1llapot\u00e1t\u00f3l f\u00fcggenek:<\/p>\n\n\n\n<ol class=\"wp-block-list\">\n<li><strong>Kommunik\u00e1l\u00f3 v\u00edzs\u00e9rv<\/strong>: Ebben az esetben a has\u00fcreg \u00e9s a herezacsk\u00f3 k\u00f6z\u00f6tt fennmarad az \u00f6sszek\u00f6ttet\u00e9s, \u00e9s a folyad\u00e9k szabadon \u00e1ramolhat. Ez\u00e9rt a duzzanat m\u00e9rete v\u00e1ltozhat a gyermek aktivit\u00e1s\u00e1t\u00f3l f\u00fcgg\u0151en.<\/li>\n\n\n\n<li><strong>Nem kommunik\u00e1l\u00f3 v\u00edzs\u00e9rv<\/strong>: Itt a folyad\u00e9k a herezacsk\u00f3ban reked, mivel a csatorna m\u00e1r lez\u00e1r\u00f3dott. Ez a duzzanat \u00e1lland\u00f3 m\u00e9ret\u0171, \u00e9s nem f\u00fcgg a gyermek testhelyzet\u00e9t\u0151l vagy mozg\u00e1s\u00e1t\u00f3l.<\/li>\n<\/ol>\n\n\n\n<h2 class=\"wp-block-heading has-text-align-center\"><br>Mi\u00e9rt fontos a v\u00edzs\u00e9rv (hydrocele) korai felismer\u00e9se?<\/h2>\n\n\n\n<p><br>Sz\u00fcl\u0151k\u00e9nt term\u00e9szetes, hogy agg\u00f3dsz, ha b\u00e1rmilyen elt\u00e9r\u00e9st \u00e9szlelsz a gyermeked test\u00e9n. B\u00e1r a hydrocele \u00e1ltal\u00e1ban nem okoz f\u00e1jdalmat vagy s\u00falyos probl\u00e9m\u00e1t, bizonyos esetekben orvosi figyelmet ig\u00e9nyelhet:<\/p>\n\n\n\n<ol class=\"wp-block-list\">\n<li><strong>L\u00e1gy\u00e9ks\u00e9rv jelenl\u00e9te<\/strong>: Kommunik\u00e1l\u00f3 hydrocele eset\u00e9n fenn\u00e1ll a l\u00e1gy\u00e9ks\u00e9rv kialakul\u00e1s\u00e1nak vesz\u00e9lye, amely m\u00e1r komolyabb beavatkoz\u00e1st ig\u00e9nyel.<\/li>\n\n\n\n<li><strong>Tart\u00f3s fennmarad\u00e1s<\/strong>: Ha az \u00e1llapot nem m\u00falik el a harmadik \u00e9let\u00e9v v\u00e9g\u00e9re &#8211; vagy nagyobb gyermekn\u00e9l, \u00fajonnan jelentkez\u0151 v\u00edzs\u00e9rv eset\u00e9n f\u00e9l \u00e9v alatt &#8211; m\u0171t\u00e9ti kezel\u00e9s v\u00e1lhat sz\u00fcks\u00e9gess\u00e9.<\/li>\n<\/ol>\n\n\n\n<h2 class=\"wp-block-heading has-text-align-center\"><br>Hogyan diagnosztiz\u00e1lj\u00e1k a v\u00edzs\u00e9rvet?<\/h2>\n\n\n\n<p class=\"has-text-align-center\"><br>A hydrocele felismer\u00e9se \u00e1ltal\u00e1ban egyszer\u0171, de az orvos mindig gondoskodik arr\u00f3l, hogy kiz\u00e1rja az egy\u00e9b, hasonl\u00f3 t\u00fcnetekkel j\u00e1r\u00f3 \u00e1llapotokat.<\/p>\n\n\n\n<p><br>A diagn\u00f3zis l\u00e9p\u00e9sei:<\/p>\n\n\n\n<ol class=\"wp-block-list\">\n<li><strong>Fizik\u00e1lis vizsg\u00e1lat<\/strong>: Az orvos megvizsg\u00e1lja a herezacsk\u00f3t, \u00e9s meg\u00e1llap\u00edtja a duzzanat m\u00e9ret\u00e9t, \u00e1llag\u00e1t.<\/li>\n\n\n\n<li><strong>Transzillumin\u00e1ci\u00f3<\/strong>: Egy zsebl\u00e1mpa seg\u00edts\u00e9g\u00e9vel \u00e1tvil\u00e1g\u00edtj\u00e1k a duzzanatot, hogy meg\u00e1llap\u00edts\u00e1k, folyad\u00e9k van-e benne.<\/li>\n<\/ol>\n\n\n\n<p class=\"has-text-align-center\"><br>Ultrahangos vizsg\u00e1latra csak egy\u00e9b felmer\u00fcl\u0151 k\u00f3rk\u00e9p eset\u00e9n van sz\u00fcks\u00e9g, a v\u00edzs\u00e9rv diagn\u00f3zisa a fenti vizsg\u00e1latokkal biztons\u00e1gosan fel\u00e1ll\u00edthat\u00f3.<\/p>\n\n\n\n<h2 class=\"wp-block-heading has-text-align-center\"><br>V\u00edzs\u00e9rv Kezel\u00e9se: mindig sz\u00fcks\u00e9ges?<\/h2>\n\n\n\n<h3 class=\"wp-block-heading has-text-align-center\" id=\"varakozas-es-megfigyeles\"><br><strong>V\u00e1rakoz\u00e1s \u00e9s megfigyel\u00e9s<\/strong><\/h3>\n\n\n\n<figure class=\"wp-block-image aligncenter size-full\"><img fetchpriority=\"high\" decoding=\"async\" width=\"700\" height=\"467\" src=\"https:\/\/gyermeksebeszet.hu\/wp-content\/uploads\/2025\/01\/varakozas-es-megfigyeles.webp\" alt=\"V\u00e1rakoz\u00e1s \u00e9s megfigyel\u00e9s\" class=\"wp-image-1034\" srcset=\"https:\/\/gyermeksebeszet.hu\/wp-content\/uploads\/2025\/01\/varakozas-es-megfigyeles.webp 700w, https:\/\/gyermeksebeszet.hu\/wp-content\/uploads\/2025\/01\/varakozas-es-megfigyeles-18x12.webp 18w\" sizes=\"(max-width: 700px) 100vw, 700px\" \/><\/figure>\n\n\n\n<p class=\"has-text-align-center\"><br>Csecsem\u0151kn\u00e9l, kisgyermekekn\u00e9l az orvosok t\u00f6bbnyire azt javasolj\u00e1k, hogy v\u00e1rjanak, mivel az els\u0151 \u00e9let\u00e9vek sor\u00e1n a hydrocele mag\u00e1t\u00f3l elt\u0171nhet. Ennek oka, hogy a csatorna lez\u00e1r\u00f3dhat \u00e9s a folyad\u00e9k ezzel felsz\u00edv\u00f3dik.<\/p>\n\n\n\n<h3 class=\"wp-block-heading has-text-align-center\" id=\"sebeszeti-beavatkozas\"><strong>Seb\u00e9szeti beavatkoz\u00e1s<\/strong><\/h3>\n\n\n\n<p class=\"has-text-align-center\">Ha a hydrocele nem m\u00falik el 3-4 \u00e9ves korig, akkor m\u0171t\u00e9ti kezel\u00e9s sz\u00fcks\u00e9ges. A beavatkoz\u00e1s gyors \u00e9s biztons\u00e1gos, \u00e9s a legt\u00f6bb gyermek n\u00e9h\u00e1ny napon bel\u00fcl teljesen fel\u00e9p\u00fcl.<\/p>\n\n\n\n<h2 class=\"wp-block-heading has-text-align-center\">Mi t\u00f6rt\u00e9nik a m\u0171t\u00e9t sor\u00e1n?<\/h2>\n\n\n\n<p><strong>A m\u0171t\u00e9t sor\u00e1n az orvos:<\/strong><\/p>\n\n\n\n<h4 class=\"wp-block-heading\" id=\"hagyomanyos-lagyektaji-feltaras-soran\">Hagyom\u00e1nyos, l\u00e1gy\u00e9kt\u00e1ji felt\u00e1r\u00e1s sor\u00e1n:<\/h4>\n\n\n\n<ul class=\"wp-block-list\">\n<li>Kisebb bemetsz\u00e9st v\u00e9gez a herezacsk\u00f3 k\u00f6zel\u00e9ben.<\/li>\n\n\n\n<li>Megnyitja a t\u00f6ml\u0151t, ezzel elt\u00e1vol\u00edtja a felgy\u00fclemlett folyad\u00e9kot.<\/li>\n\n\n\n<li>Lez\u00e1rja a nyitva maradt csatorn\u00e1t.<\/li>\n<\/ul>\n\n\n\n<h4 class=\"wp-block-heading\" id=\"laparoscopos-mutet-soran-kozlekedo-vizservek\">Laparoscopos m\u0171t\u00e9t sor\u00e1n (k\u00f6zleked\u0151 v\u00edzs\u00e9rvek)<\/h4>\n\n\n\n<ul class=\"wp-block-list\">\n<li>Kis k\u00f6ld\u00f6kt\u00e1ji bemetsz\u00e9sb\u0151l 5-6 mm-es optikai portot vezet be a has\u00fcregbe.<\/li>\n\n\n\n<li>K\u00edm\u00e9letesen, sz\u00e9ndioxiddal felf\u00fajja a has\u00fcreget.<\/li>\n\n\n\n<li>Egy kis, c\u00e9lzott 2 mm-es metsz\u00e9sb\u0151l egy fonallal szemellen\u0151rz\u00e9s mellett lez\u00e1rja a nyitott l\u00e1gy\u00e9kgy\u0171r\u0171t.<\/li>\n<\/ul>\n\n\n\n<p class=\"has-text-align-center\">A m\u0171t\u00e9t altat\u00e1sban t\u00f6rt\u00e9nik, \u00edgy a gyermek semmilyen f\u00e1jdalmat nem \u00e9rez. A beavatkoz\u00e1s \u00e1ltal\u00e1ban egynapos keretek k\u00f6z\u00f6tt t\u00f6rt\u00e9nik, az oper\u00e1ci\u00f3 ut\u00e1n a legt\u00f6bb gyermek n\u00e9h\u00e1ny napon bel\u00fcl visszat\u00e9rhet a norm\u00e1lis tev\u00e9kenys\u00e9geihez.<\/p>\n\n\n\n<h2 class=\"wp-block-heading has-text-align-center\">Milyen sz\u00f6v\u0151dm\u00e9nyek l\u00e9phetnek fel?<\/h2>\n\n\n\n<p>B\u00e1r a hydrocele \u00e1ltal\u00e1ban \u00e1rtalmatlan, kezeletlen esetekben ritk\u00e1n el\u0151fordulhatnak sz\u00f6v\u0151dm\u00e9nyek:<\/p>\n\n\n\n<ul class=\"wp-block-list\">\n<li>Tart\u00f3s nyom\u00e1s a her\u00e9ken, ami befoly\u00e1solhatja a v\u00e9rkering\u00e9st.<\/li>\n\n\n\n<li>L\u00e1gy\u00e9ks\u00e9rv kialakul\u00e1sa kommunik\u00e1l\u00f3 t\u00edpus eset\u00e9n.<br><br><\/li>\n<\/ul>\n\n\n\n<h2 class=\"wp-block-heading has-text-align-center\">Mikor fordulj orvoshoz?<\/h2>\n\n\n\n<p>Az al\u00e1bbi esetekben mindenk\u00e9ppen \u00e9rdemes szakembert felkeresni:<\/p>\n\n\n\n<ul class=\"wp-block-list\">\n<li>A duzzanat kem\u00e9ny, f\u00e1jdalmas, vagy pirosas sz\u00edn\u0171v\u00e9 v\u00e1lik.<\/li>\n\n\n\n<li>A gyermek nyugtalan, s\u00edr, \u00e9s l\u00e1z, h\u00e1ny\u00e1s k\u00eds\u00e9ri a t\u00fcneteket.<\/li>\n\n\n\n<li>A v\u00edzs\u00e9rv 1 \u00e9ves kor ut\u00e1n is fenn\u00e1ll.<\/li>\n<\/ul>\n\n\n\n<h2 class=\"wp-block-heading has-text-align-center\">Gyakori k\u00e9rd\u00e9sek<\/h2>\n\n\n<div id=\"rank-math-faq\" class=\"rank-math-block\" style=\"text-align:center\">\n<div class=\"rank-math-list\">\n<div id=\"faq-question-1737799391196\" class=\"rank-math-list-item\">\n<h3 class=\"rank-math-question\"><strong>1. Elm\u00falik-e mag\u00e1t\u00f3l a v\u00edzs\u00e9rv a gyermekemn\u00e9l, vagy sz\u00fcks\u00e9ges a m\u0171t\u00e9t?<\/strong><\/h3>\n<div class=\"rank-math-answer\">\n\n<p>Az \u00fajsz\u00fcl\u00f6ttekn\u00e9l kialakul\u00f3 hydrocele gyakran mag\u00e1t\u00f3l felsz\u00edv\u00f3dik az els\u0151 \u00e9let\u00e9vek sor\u00e1n, mivel a folyad\u00e9k term\u00e9szetes \u00faton elt\u0171nik, ha a has\u00fcreg \u00e9s a herezacsk\u00f3 k\u00f6z\u00f6tti csatorna lez\u00e1r\u00f3dik. Ha azonban a duzzanat 12-18 h\u00f3napos kor ut\u00e1n is fenn\u00e1ll, vagy n\u00f6vekszik, \u00e9rdemes orvoshoz fordulni. Ilyen esetben, tart\u00f3s fenn\u00e1ll\u00e1s eset\u00e9n a m\u0171t\u00e9ti beavatkoz\u00e1s lehet a legjobb megold\u00e1s a probl\u00e9ma v\u00e9gleges megsz\u00fcntet\u00e9s\u00e9re.<\/p>\n\n<\/div>\n<\/div>\n<div id=\"faq-question-1737799428096\" class=\"rank-math-list-item\">\n<h3 class=\"rank-math-question\"><strong>2. Vesz\u00e9lyes-e a v\u00edzs\u00e9rv a gyermekem eg\u00e9szs\u00e9g\u00e9re hossz\u00fa t\u00e1von?<\/strong><\/h3>\n<div class=\"rank-math-answer\">\n\n<p>A hydrocele \u00e1ltal\u00e1ban \u00e1rtalmatlan \u00e1llapot, \u00e9s nem okoz f\u00e1jdalmat vagy kellemetlens\u00e9get a gyermeknek. Kezeletlen\u00fcl azonban ritk\u00e1n komplik\u00e1ci\u00f3k l\u00e9phetnek fel, mint p\u00e9ld\u00e1ul a l\u00e1gy\u00e9ks\u00e9rv kialakul\u00e1sa vagy a here v\u00e9rkering\u00e9s\u00e9nek befoly\u00e1sol\u00e1sa. Ez\u00e9rt fontos a rendszeres orvosi ellen\u0151rz\u00e9s \u00e9s a megfelel\u0151 id\u0151ben t\u00f6rt\u00e9n\u0151 beavatkoz\u00e1s, ha sz\u00fcks\u00e9ges.<\/p>\n\n<\/div>\n<\/div>\n<div id=\"faq-question-1737799461049\" class=\"rank-math-list-item\">\n<h3 class=\"rank-math-question\"><strong>3. Hogyan k\u00fcl\u00f6nb\u00f6ztethetem meg otthon a v\u00edzs\u00e9rvet a l\u00e1gy\u00e9ks\u00e9rvt\u0151l?<\/strong><\/h3>\n<div class=\"rank-math-answer\">\n\n<p>Otthoni k\u00f6r\u00fclm\u00e9nyek k\u00f6z\u00f6tt neh\u00e9z pontosan megk\u00fcl\u00f6nb\u00f6ztetni a hydrocel\u00e9t a l\u00e1gy\u00e9ks\u00e9rvt\u0151l, mivel mindkett\u0151 duzzanatot okoz a herezacsk\u00f3ban. A hydrocele \u00e1ltal\u00e1ban f\u00e1jdalommentes \u00e9s folyad\u00e9kkal telt duzzanatot eredm\u00e9nyez, m\u00edg a l\u00e1gy\u00e9ks\u00e9rv eset\u00e9n a belek egy r\u00e9sze t\u00fcremkedhet ki, ami f\u00e1jdalmat vagy kellemetlens\u00e9get okozhat. A biztos diagn\u00f3zis \u00e9rdek\u00e9ben mindig fordulj gyermekorvoshoz vagy seb\u00e9szhez, aki fizikai vizsg\u00e1lattal \u00e9s sz\u00fcks\u00e9g eset\u00e9n ultrahanggal \u00e1llap\u00edtja meg a pontos okot.<\/p>\n\n<\/div>\n<\/div>\n<div id=\"faq-question-1737799493488\" class=\"rank-math-list-item\">\n<h3 class=\"rank-math-question\"><strong>4. Befoly\u00e1solja-e a v\u00edzs\u00e9rv a gyermekem k\u00e9s\u0151bbi term\u00e9kenys\u00e9g\u00e9t vagy nemi fejl\u0151d\u00e9s\u00e9t?<\/strong><\/h3>\n<div class=\"rank-math-answer\">\n\n<p>A hydrocele \u00f6nmag\u00e1ban \u00e1ltal\u00e1ban nem befoly\u00e1solja a gyermek k\u00e9s\u0151bbi term\u00e9kenys\u00e9g\u00e9t vagy nemi fejl\u0151d\u00e9s\u00e9t. Ha azonban kezeletlen\u00fcl hagyj\u00e1k \u00e9s komplik\u00e1ci\u00f3k alakulnak ki, ritka esetekben a here v\u00e9rell\u00e1t\u00e1sa k\u00e1rosodhat. A megfelel\u0151 id\u0151ben v\u00e9gzett orvosi beavatkoz\u00e1s biztos\u00edtja, hogy a gyermek nemi szervei eg\u00e9szs\u00e9gesen fejl\u0151djenek.<\/p>\n\n<\/div>\n<\/div>\n<div id=\"faq-question-1737799522728\" class=\"rank-math-list-item\">\n<h3 class=\"rank-math-question\"><strong>5. Mit tehetek sz\u00fcl\u0151k\u00e9nt a v\u00edzs\u00e9rv megel\u0151z\u00e9se \u00e9rdek\u00e9ben, vagy hogy seg\u00edtsek a gy\u00f3gyul\u00e1sban?<\/strong><\/h3>\n<div class=\"rank-math-answer\">\n\n<p>Mivel a hydrocele gyakran velesz\u00fcletett \u00e1llapot, megel\u0151zni nem igaz\u00e1n lehet. Sz\u00fcl\u0151k\u00e9nt a legfontosabb, hogy figyeld a gyermeked testi jeleit \u00e9s t\u00fcneteit. Ha duzzanatot \u00e9szlelsz a herezacsk\u00f3ban, fordulj orvoshoz a pontos diagn\u00f3zis \u00e9rdek\u00e9ben. K\u00f6vesd az orvos utas\u00edt\u00e1sait, \u00e9s ha m\u0171t\u00e9tre ker\u00fcl sor, gondoskodj a megfelel\u0151 ut\u00f3kezel\u00e9sr\u0151l \u00e9s a seb tiszt\u00e1ntart\u00e1s\u00e1r\u00f3l a gyors gy\u00f3gyul\u00e1s \u00e9rdek\u00e9ben.<\/p>\n\n<\/div>\n<\/div>\n<\/div>\n<\/div>\n\n\n<h2 class=\"wp-block-heading has-text-align-center\">Z\u00e1r\u00f3 gondolatok<\/h2>\n\n\n\n<p>A v\u00edzs\u00e9rv sz\u00fcl\u0151k\u00e9nt ijeszt\u0151nek t\u0171nhet, de a legt\u00f6bb esetben \u00e1rtalmatlan \u00e9s k\u00f6nnyen kezelhet\u0151 \u00e1llapot. A legfontosabb, hogy figyeld a gyermeked t\u00fcneteit, \u00e9s id\u0151ben fordulj orvoshoz, ha sz\u00fcks\u00e9ges. A megfelel\u0151 diagn\u00f3zis \u00e9s kezel\u00e9s biztos\u00edtja, hogy a gyermeked hamar visszat\u00e9rjen a gondtalan, boldog mindennapokhoz.<\/p>\n\n\n\n<p class=\"has-text-align-center\">Ne felejtsd el megosztani ezt a cikket m\u00e1s sz\u00fcl\u0151kkel, hogy \u0151k is tiszt\u00e1ban legyenek a hydrocele ok\u00e1val, t\u00fcneteivel \u00e9s kezel\u00e9s\u00e9vel! \ud83d\ude0a<\/p>\n\n\n\n<ul class=\"wp-block-social-links is-content-justification-center is-layout-flex wp-container-core-social-links-is-layout-a89b3969 wp-block-social-links-is-layout-flex\">\n\n<\/ul>\n\n\n\n<h3 class=\"wp-block-heading has-text-align-center\" id=\"van-kerdese-vagy-aggodik-gyermekeert-keressen-bizalommal-kerje-dr-sasi-szabo-laszlo-foorvost\"><strong>Van k\u00e9rd\u00e9se, vagy agg\u00f3dik gyermek\u00e9\u00e9rt? Keressen bizalommal, k\u00e9rje Dr. Sasi Szab\u00f3 L\u00e1szl\u00f3 f\u0151orvost!<\/strong><\/h3>\n\n\n\n<p class=\"has-text-align-center\">Gyermekseb\u00e9szk\u00e9nt t\u00f6bb \u00e9vtizedes tapasztalattal, t\u00fcrelemmel \u00e9s emp\u00e1ti\u00e1val seg\u00edtek a gyermekek l\u00e1gy\u00e9ks\u00e9rv\u00e9nek felismer\u00e9s\u00e9ben \u00e9s kezel\u00e9s\u00e9ben.<\/p>\n\n\n\n<p class=\"has-text-align-center\">Ha bizonytalan, vagy azonnali seg\u00edts\u00e9gre van sz\u00fcks\u00e9ge, ne habozzon felkeresni!<\/p>\n\n\n\n<h3 class=\"wp-block-heading has-text-align-center\" id=\"elerhetosegek\"><strong>El\u00e9rhet\u0151s\u00e9gek:<\/strong><\/h3>\n\n\n\n<ul class=\"wp-block-list\">\n<li><strong>Debreceni Gyermekklinika Seb\u00e9szeti szakrendel\u00e9s:<\/strong><br>El\u0151jegyz\u00e9s: +36 52 411 717 \/54281<br>E-mail: <a href=\"mailto:dekkgyermeksebeszet@gmail.com\">dekkgyermeksebeszet@gmail.com<\/a><\/li>\n<\/ul>\n\n\n\n<ul class=\"wp-block-list\">\n<li><a href=\"https:\/\/medicall.cc\/idopontfoglalas\/prestigehospital\/doctors?specializationId=50939\" target=\"_blank\" rel=\"noopener\">Prestige Hospital \u2013 Ny\u00edregyh\u00e1za:<\/a><br>Telefon: +36 42 512-990<br>E-mail: <a href=\"mailto:info@prestigehospital.hu\">info@prestigehospital.hu<\/a><\/li>\n<\/ul>\n\n\n\n<ul class=\"wp-block-list\">\n<li><a href=\"https:\/\/gyermeksebeszet.hu\/en\/kapcsolat\/\">Weboldalamon<\/a><\/li>\n<\/ul>\n\n\n\n<h2 class=\"wp-block-heading has-text-align-center\"><strong>Rendel\u00e9sei el\u00e9rhet\u0151ek Debrecenben \u00e9s Ny\u00edregyh\u00e1z\u00e1n is!<\/strong><\/h2>\n\n\n\n<p class=\"has-text-align-center\">Ne v\u00e1rjon, ha gyermek\u00e9n\u00e9l l\u00e1gy\u00e9ks\u00e9rv t\u00fcneteit \u00e9szleli \u2013 k\u00e9rjen id\u0151pontot m\u00e9g ma! Gyermeke eg\u00e9szs\u00e9ge a legfontosabb!<\/p>\n\n\n\n<p class=\"has-text-align-center\">Tov\u00e1bbi r\u00e9szleteket \u00e9s inform\u00e1ci\u00f3kat a gyermekekn\u00e9l el\u0151fordul\u00f3 v\u00edzs\u00e9rvr\u0151l az <a href=\"https:\/\/egeszsegvonal.gov.hu\/v-w\/1192-vizserv.html\" target=\"_blank\" rel=\"noreferrer noopener\">Eg\u00e9szs\u00e9gvonal hivatalos oldal\u00e1n<\/a> tal\u00e1l.<\/p>\n\n\n\n<figure class=\"wp-block-image aligncenter size-full\"><img decoding=\"async\" width=\"350\" height=\"139\" src=\"https:\/\/gyermeksebeszet.hu\/wp-content\/uploads\/2023\/07\/dr-sasi-szabo-laszlo.png\" alt=\"Dr. Sasi Szab\u00f3 L\u00e1szl\u00f3\" class=\"wp-image-701\"\/><\/figure>","protected":false},"excerpt":{"rendered":"<p>V\u00edzs\u00e9rv figyelmeztet\u0151 jelei: 5 meglep\u0151 t\u00fcnet, amit nem szabad figyelmen k\u00edv\u00fcl hagyni. Tudj meg t\u00f6bbet a diagn\u00f3zisr\u00f3l \u00e9s a kezel\u00e9si lehet\u0151s\u00e9gekr\u0151l gyermekekn\u00e9l.<\/p>","protected":false},"author":1,"featured_media":1033,"comment_status":"open","ping_status":"open","sticky":false,"template":"","format":"standard","meta":{"footnotes":""},"categories":[29],"tags":[20],"class_list":["post-1032","post","type-post","status-publish","format-standard","has-post-thumbnail","hentry","category-vizserv","tag-gyermeksebeszet"],"_links":{"self":[{"href":"https:\/\/gyermeksebeszet.hu\/en\/wp-json\/wp\/v2\/posts\/1032","targetHints":{"allow":["GET"]}}],"collection":[{"href":"https:\/\/gyermeksebeszet.hu\/en\/wp-json\/wp\/v2\/posts"}],"about":[{"href":"https:\/\/gyermeksebeszet.hu\/en\/wp-json\/wp\/v2\/types\/post"}],"author":[{"embeddable":true,"href":"https:\/\/gyermeksebeszet.hu\/en\/wp-json\/wp\/v2\/users\/1"}],"replies":[{"embeddable":true,"href":"https:\/\/gyermeksebeszet.hu\/en\/wp-json\/wp\/v2\/comments?post=1032"}],"version-history":[{"count":2,"href":"https:\/\/gyermeksebeszet.hu\/en\/wp-json\/wp\/v2\/posts\/1032\/revisions"}],"predecessor-version":[{"id":1036,"href":"https:\/\/gyermeksebeszet.hu\/en\/wp-json\/wp\/v2\/posts\/1032\/revisions\/1036"}],"wp:featuredmedia":[{"embeddable":true,"href":"https:\/\/gyermeksebeszet.hu\/en\/wp-json\/wp\/v2\/media\/1033"}],"wp:attachment":[{"href":"https:\/\/gyermeksebeszet.hu\/en\/wp-json\/wp\/v2\/media?parent=1032"}],"wp:term":[{"taxonomy":"category","embeddable":true,"href":"https:\/\/gyermeksebeszet.hu\/en\/wp-json\/wp\/v2\/categories?post=1032"},{"taxonomy":"post_tag","embeddable":true,"href":"https:\/\/gyermeksebeszet.hu\/en\/wp-json\/wp\/v2\/tags?post=1032"}],"curies":[{"name":"wp","href":"https:\/\/api.w.org\/{rel}","templated":true}]}}