{"id":1004,"date":"2025-01-16T20:08:37","date_gmt":"2025-01-16T19:08:37","guid":{"rendered":"https:\/\/gyermeksebeszet.hu\/?p=1004"},"modified":"2025-01-16T20:10:47","modified_gmt":"2025-01-16T19:10:47","slug":"koldokserv","status":"publish","type":"post","link":"https:\/\/gyermeksebeszet.hu\/en\/koldokserv\/","title":{"rendered":"Gyermekkori K\u00f6ld\u00f6ks\u00e9rv \u00e9s V\u00e1lad\u00e9koz\u00f3 K\u00f6ld\u00f6k \u2013 Amit Minden Sz\u00fcl\u0151nek Tudnia Kell"},"content":{"rendered":"<div class=\"wp-block-rank-math-toc-block\" id=\"rank-math-toc\"><h2>Tartalomjegyz\u00e9k:<\/h2><nav><ul><li class=\"\"><a href=\"#tunetek-amiket-erdemes-figyelni\">T\u00fcnetek, amiket \u00e9rdemes figyelni:<\/a><\/li><li class=\"\"><a href=\"#az-okok-kozott-szerepelhet\">Az okok k\u00f6z\u00f6tt szerepelhet:<\/a><\/li><li class=\"\"><a href=\"#mikor-forduljunk-orvoshoz\">Mikor forduljunk orvoshoz?<\/a><\/li><li class=\"\"><a href=\"#mit-tehetunk-otthon\">Mit tehet\u00fcnk otthon?<\/a><\/li><li class=\"\"><a href=\"#faq-question-1737053499795\">Hogyan lehet megel\u0151zni a k\u00f6ld\u00f6ks\u00e9rv kialakul\u00e1s\u00e1t gyermekekn\u00e9l?<\/a><\/li><li class=\"\"><a href=\"#faq-question-1737053539715\">Milyen korban kezd\u0151dik a k\u00f6ld\u00f6ks\u00e9rv gyermekkorban?<\/a><\/li><li class=\"\"><a href=\"#faq-question-1737053566612\">A k\u00f6ld\u00f6ks\u00e9rv milyen t\u00fcnetekkel j\u00e1rhat gyermekekn\u00e9l?<\/a><\/li><li class=\"\"><a href=\"#faq-question-1737053637282\">A Spitzy-m\u0171t\u00e9t milyen esetekben javasolt gyermekekn\u00e9l?<\/a><\/li><li class=\"\"><a href=\"#faq-question-1737053666938\">A k\u00f6ld\u00f6ks\u00e9rv gyermekkorban milyen gyakoris\u00e1ggal fordul el\u0151?<\/a><\/li><li class=\"\"><a href=\"#elerhetosegek\">El\u00e9rhet\u0151s\u00e9gek:<\/a><\/li><\/ul><\/nav><\/div>\n\n\n\n<h2 class=\"wp-block-heading has-text-align-center\"><strong>Gyermeke k\u00f6ld\u00f6ke t\u00f6bbet mondhat, mint gondoln\u00e1!<\/strong><\/h2>\n\n\n\n<p class=\"has-text-align-center\" style=\"font-size:16px\">Egy sz\u00fcl\u0151 sz\u00e1m\u00e1ra nincs ijeszt\u0151bb, mint l\u00e1tni, hogy valami szokatlan t\u00f6rt\u00e9nik a gyermek\u00e9vel. A k\u00f6ld\u00f6ks\u00e9rv \u00e9s a v\u00e1lad\u00e9koz\u00f3 k\u00f6ld\u00f6k gyakoribb probl\u00e9m\u00e1k, mint gondoln\u00e1nk, de a legt\u00f6bb esetben nem okoznak komoly bajt. Fontos azonban, hogy tiszt\u00e1ban legy\u00fcnk azzal, mikor kell cselekedn\u00fcnk, \u00e9s hogyan nyugtathatjuk meg aggodalmainkat.<\/p>\n\n\n\n<p class=\"has-text-align-center\" style=\"font-size:16px\">A k\u00f6ld\u00f6ks\u00e9rv t\u00f6bbnyire nem ig\u00e9nyel azonnali beavatkoz\u00e1st, \u00e9s a gyermek 4-5 \u00e9ves kor\u00e1ig &nbsp;mag\u00e1t\u00f3l is megsz\u0171nhet. Ugyanakkor fontos odafigyelni az esetleges figyelmeztet\u0151 jelekre, mint a f\u00e1jdalom vagy a s\u00e9rvtartalom kem\u00e9nyed\u00e9se, amelyek m\u00e1r szakember bevon\u00e1s\u00e1t tehetik sz\u00fcks\u00e9gess\u00e9. Hasonl\u00f3k\u00e9ppen, a v\u00e1lad\u00e9koz\u00f3 k\u00f6ld\u00f6k is lehet egy egyszer\u0171 irrit\u00e1ci\u00f3 eredm\u00e9nye, de ha b\u0151rp\u00edr, duzzanat vagy b\u0171z\u00f6s v\u00e1lad\u00e9k, vagy a k\u00f6ld\u00f6kb\u0151l kit\u00fcremked\u0151 sz\u00f6vetn\u00f6ved\u00e9k k\u00eds\u00e9ri, az fert\u0151z\u00e9sre, vagy fejl\u0151d\u00e9si maradv\u00e1nyra utalhat; ilyenkor orvosi ell\u00e1t\u00e1s sz\u00fcks\u00e9ges.<\/p>\n\n\n\n<p class=\"has-text-align-center\" style=\"font-size:16px\">Az id\u0151ben felismert probl\u00e9m\u00e1k j\u00f3l kezelhet\u0151k. Megfelel\u0151 eg\u00e9szs\u00e9g\u00fcgyi ell\u00e1t\u00e1s \u00e9s felvil\u00e1gos\u00edt\u00e1s birtok\u00e1ban biztons\u00e1gban \u00e9rezhetj\u00fck magunkat, \u00e9s biztos\u00edthatjuk gyermek\u00fcnk eg\u00e9szs\u00e9g\u00e9t. Az alapos megfigyel\u00e9s, az orvos tan\u00e1csainak k\u00f6vet\u00e9se \u00e9s a megfelel\u0151 gondoskod\u00e1s a kulcs ahhoz, hogy a gyermek \u00fajra vid\u00e1m \u00e9s gondtalan legyen.<\/p>\n\n\n\n<h2 class=\"wp-block-heading has-text-align-center\"><strong>Mi\u00e9rt fontos, hogy foglalkozzunk a k\u00f6ld\u00f6kprobl\u00e9m\u00e1kkal?<\/strong><\/h2>\n\n\n\n<p class=\"has-text-align-center\">A k\u00f6ld\u00f6k, b\u00e1r apr\u00f3 \u00e9s jelent\u00e9ktelennek t\u0171nhet, fontos szerepet j\u00e1tszik a bab\u00e1k fejl\u0151d\u00e9s\u00e9ben \u00e9s eg\u00e9szs\u00e9g\u00e9ben. Csecsem\u0151kn\u00e9l az \u00fajsz\u00fcl\u00f6tt k\u00f6ld\u00f6ke az \u00e9let els\u0151 n\u00e9h\u00e1ny het\u00e9ben figyelmet ig\u00e9nyel.<\/p>\n\n\n\n<p class=\"has-text-align-center\">Gyermekekn\u00e9l pedig a k\u00f6ld\u00f6ks\u00e9rv kialakul\u00e1sa vagy a k\u00f6ld\u00f6k v\u00e1lad\u00e9koz\u00e1sa okozhat aggodalmakat. Ez az apr\u00f3 r\u00e9sz a bab\u00e1k test\u00e9n val\u00f3j\u00e1ban az anyam\u00e9hben elt\u00f6lt\u00f6tt \u00e9letszakasz legfontosabb kapuja, hiszen itt zajlott a t\u00e1panyagok \u00e9s az oxig\u00e9n sz\u00e1ll\u00edt\u00e1sa az anyam\u00e9hb\u0151l. A k\u00f6ld\u00f6k megfelel\u0151 gy\u00f3gyul\u00e1sa alapvet\u0151 fontoss\u00e1g\u00fa, hogy sz\u00fclet\u00e9st k\u00f6vet\u0151en ne alakuljon ki fert\u0151z\u00e9s vagy m\u00e1s komplik\u00e1ci\u00f3.<\/p>\n\n\n\n<p class=\"has-text-align-center\">Az \u00fajsz\u00fcl\u00f6tt els\u0151 f\u00fcrdet\u00e9sekor kiemelten fontos, hogy a k\u00f6ld\u00f6kcsonkot \u00f3vatosan kezelj\u00fck, \u00e9s sz\u00e1razon tartsuk a gy\u00f3gyul\u00e1s \u00e9rdek\u00e9ben. Ha b\u00e1rmilyen szokatlan v\u00e1lad\u00e9koz\u00e1st, vagy b\u0151rp\u00edrt \u00e9szlel\u00fcnk, az a sz\u00fcl\u0151k sz\u00e1m\u00e1ra jelz\u00e9s lehet, hogy orvosi tan\u00e1csot k\u00e9rjenek.<\/p>\n\n\n\n<p class=\"has-text-align-center\">Ezen apr\u00f3, de ann\u00e1l jelent\u0151sebb r\u00e9sz \u00e1pol\u00e1sa az egyik els\u0151 l\u00e9p\u00e9s a csecsem\u0151 eg\u00e9szs\u00e9g\u00e9nek meg\u0151rz\u00e9s\u00e9ben.<\/p>\n\n\n\n<figure class=\"wp-block-image aligncenter size-large\"><img fetchpriority=\"high\" decoding=\"async\" width=\"1024\" height=\"576\" src=\"https:\/\/gyermeksebeszet.hu\/wp-content\/uploads\/2025\/01\/ujszulott-furdetese-1024x576.webp\" alt=\"\u00dajsz\u00fcl\u00f6tt f\u00fcrdet\u00e9se\" class=\"wp-image-1008\" srcset=\"https:\/\/gyermeksebeszet.hu\/wp-content\/uploads\/2025\/01\/ujszulott-furdetese-1024x576.webp 1024w, https:\/\/gyermeksebeszet.hu\/wp-content\/uploads\/2025\/01\/ujszulott-furdetese-700x394.webp 700w, https:\/\/gyermeksebeszet.hu\/wp-content\/uploads\/2025\/01\/ujszulott-furdetese-768x432.webp 768w, https:\/\/gyermeksebeszet.hu\/wp-content\/uploads\/2025\/01\/ujszulott-furdetese-18x10.webp 18w, https:\/\/gyermeksebeszet.hu\/wp-content\/uploads\/2025\/01\/ujszulott-furdetese.webp 1200w\" sizes=\"(max-width: 1024px) 100vw, 1024px\" \/><figcaption class=\"wp-element-caption\">\u00dajsz\u00fcl\u00f6tt f\u00fcrdet\u00e9se<\/figcaption><\/figure>\n\n\n\n<h2 class=\"wp-block-heading has-text-align-center\"><strong>K\u00f6ld\u00f6ks\u00e9rv gyermekekn\u00e9l<\/strong><\/h2>\n\n\n\n<p class=\"has-text-align-center\">A k\u00f6ld\u00f6ks\u00e9rv rendk\u00edv\u00fcl gyakori jelens\u00e9g a gyermekekn\u00e9l. Ez egy velesz\u00fcletett \u00e1llapot, amely akkor alakul ki, ha a k\u00f6ld\u00f6kzsin\u00f3r hely\u00e9n kialakul\u00f3 k\u00f6t\u0151sz\u00f6vet nem z\u00e1r\u00f3dik be teljesen a sz\u00fclet\u00e9s ut\u00e1n. Szerencs\u00e9re a gyermekek 90%-\u00e1n\u00e1l a k\u00f6ld\u00f6ks\u00e9rv 4-5 \u00e9ves korra mag\u00e1t\u00f3l megsz\u0171nik.<\/p>\n\n\n\n<p class=\"has-text-align-center\">Ez azt jelenti, hogy a legt\u00f6bb esetben nincs sz\u00fcks\u00e9g m\u0171t\u00e9ti beavatkoz\u00e1sra, legfeljebb rendszeres orvosi ellen\u0151rz\u00e9sre, hogy nyomon k\u00f6vess\u00fck a folyamatot. A k\u00f6ld\u00f6ks\u00e9rv \u00e1ltal\u00e1ban nem okoz f\u00e1jdalmat vagy kellemetlens\u00e9get, \u00e9s sok sz\u00fcl\u0151 csak akkor veszi \u00e9szre, amikor a gyermek s\u00edr vagy er\u0151lk\u00f6dik, hiszen ilyenkor a kit\u00fcremked\u00e9s szembet\u0171n\u0151bb\u00e9 v\u00e1lik.<\/p>\n\n\n\n<p class=\"has-text-align-center\">Fontos tudni, hogy a s\u00e9rv m\u00e9rete v\u00e1ltozhat, att\u00f3l f\u00fcgg\u0151en, hogy a gyermek milyen testhelyzetben van, vagy \u00e9ppen mennyire akt\u00edv. B\u00e1r ritka, el\u0151fordulhatnak olyan esetek, amikor a s\u00e9rv nem h\u00faz\u00f3dik vissza mag\u00e1t\u00f3l, a s\u00e9rvtartalom kitapad a s\u00e9rv t\u00f6ml\u0151j\u00e9ben \u2013 ilyenkor seb\u00e9szeti beavatkoz\u00e1s v\u00e1lhat sz\u00fcks\u00e9gess\u00e9 a komplik\u00e1ci\u00f3k elker\u00fcl\u00e9se \u00e9rdek\u00e9ben.<\/p>\n\n\n\n<p class=\"has-text-align-center\">A sz\u00fcl\u0151k sz\u00e1m\u00e1ra megnyugtat\u00f3 lehet, ha konzult\u00e1lnak gyermekseb\u00e9sz\u00fckkel, hogy biztosak legyenek abban, hogy minden rendben zajlik \u00e9s a m\u0171t\u00e9t val\u00f3ban elker\u00fclhet\u0151.<\/p>\n\n\n\n<h3 class=\"wp-block-heading\" id=\"tunetek-amiket-erdemes-figyelni\"><strong>T\u00fcnetek, amiket \u00e9rdemes figyelni:<\/strong><\/h3>\n\n\n\n<ul class=\"wp-block-list\">\n<li><strong>El\u0151domborod\u00e1s<\/strong> a k\u00f6ld\u00f6k k\u00f6rny\u00e9k\u00e9n, amely s\u00edr\u00e1skor vagy k\u00f6h\u00f6g\u00e9skor jobban l\u00e1that\u00f3.<\/li>\n\n\n\n<li><strong>Nem f\u00e1jdalmas duzzanat<\/strong>, amely m\u00e9rete a testhelyzett\u0151l f\u00fcgg\u0151en v\u00e1ltozhat.<\/li>\n\n\n\n<li><strong>Fesz\u00fcl\u0151, kem\u00e9nyed\u0151 s\u00e9rv<\/strong>, ami ritk\u00e1n komolyabb beavatkoz\u00e1st ig\u00e9nyel.<\/li>\n<\/ul>\n\n\n\n<h2 class=\"wp-block-heading has-text-align-center\"><strong>V\u00e1lad\u00e9koz\u00f3 k\u00f6ld\u00f6k \u2013 Fert\u0151z\u00e9s vagy egyszer\u0171 irrit\u00e1ci\u00f3?<\/strong><\/h2>\n\n\n\n<p class=\"has-text-align-center\">A v\u00e1lad\u00e9koz\u00f3 k\u00f6ld\u00f6k t\u00f6bbnyire \u00fajsz\u00fcl\u00f6ttekn\u00e9l \u00e9s csecsem\u0151kn\u00e9l fordul el\u0151, de nagyobb gyerekekn\u00e9l sem ritka. Az \u00fajsz\u00fcl\u00f6ttekn\u00e9l leggyakrabban a k\u00f6ld\u00f6kcsonk elh\u00faz\u00f3d\u00f3 gy\u00f3gyul\u00e1si folyamata sor\u00e1n jelentkezik, k\u00fcl\u00f6n\u00f6sen, ha a k\u00f6ld\u00f6k nincs megfelel\u0151en tiszt\u00e1n \u00e9s sz\u00e1razon tartva.<\/p>\n\n\n\n<p class=\"has-text-align-center\">Enyh\u00e9bb esetekben a v\u00e1lad\u00e9koz\u00e1s term\u00e9szetes lehet, de b\u0171z\u00f6s, s\u00e1rg\u00e1s vagy z\u00f6ldes sz\u00edn\u0171 v\u00e1lad\u00e9k m\u00e1r fert\u0151z\u00e9sre utalhat, amely kezel\u00e9st ig\u00e9nyel. Nagyobb gyerekekn\u00e9l a v\u00e1lad\u00e9koz\u00e1s h\u00e1tter\u00e9ben gyakran irrit\u00e1ci\u00f3 vagy a k\u00f6ld\u00f6k k\u00f6r\u00fcli b\u0151rfert\u0151z\u00e9s \u00e1llhat, de el\u0151fordulhat, hogy egy kor\u00e1bban \u00e9szre nem vett k\u00f6ld\u00f6k granul\u00f3ma okozza a probl\u00e9m\u00e1t.<\/p>\n\n\n\n<p class=\"has-text-align-center\">Az ilyen esetek megfelel\u0151 higi\u00e9niai ell\u00e1t\u00e1ssal \u00e9s sz\u00fcks\u00e9g eset\u00e9n orvosi seg\u00edts\u00e9ggel \u00e1ltal\u00e1ban k\u00f6nnyen kezelhet\u0151k. Fontos azonban, hogy a sz\u00fcl\u0151k id\u0151ben felismerj\u00e9k a t\u00fcneteket, \u00e9s ne habozzanak szakemberhez fordulni, ha a v\u00e1lad\u00e9koz\u00e1s nem m\u00falik el, vagy m\u00e1s k\u00eds\u00e9r\u0151 t\u00fcnetek is jelentkeznek, mint p\u00e9ld\u00e1ul b\u0151rp\u00edr, duzzanat vagy l\u00e1z.<\/p>\n\n\n\n<h3 class=\"wp-block-heading\" id=\"az-okok-kozott-szerepelhet\">Az okok k\u00f6z\u00f6tt szerepelhet:<\/h3>\n\n\n\n<ul class=\"wp-block-list\">\n<li><strong>Omphalitis<\/strong> \u2013 Fert\u0151z\u00e9s, amely b\u0151rp\u00edrt \u00e9s v\u00e1lad\u00e9koz\u00e1st okoz.<\/li>\n\n\n\n<li><strong>K\u00f6ld\u00f6k granul\u00f3ma<\/strong>, ami egy kis sz\u00f6vetszaporulat, \u00e9s gyakran b\u0151rp\u00edrral j\u00e1r.<\/li>\n<\/ul>\n\n\n\n<h3 class=\"wp-block-heading\" id=\"mikor-forduljunk-orvoshoz\"><strong>Mikor forduljunk orvoshoz?<\/strong><\/h3>\n\n\n\n<ul class=\"wp-block-list\">\n<li>Ha a v\u00e1lad\u00e9k b\u0171z\u00f6s.<\/li>\n\n\n\n<li>Ha l\u00e1z vagy a b\u0151r gyullad\u00e1sa k\u00eds\u00e9ri a t\u00fcneteket.<\/li>\n\n\n\n<li>Ha a k\u00f6ld\u00f6k h\u00e1rom h\u00e9t alatt nem gy\u00f3gyul meg megfelel\u0151en.<\/li>\n<\/ul>\n\n\n\n<h2 class=\"wp-block-heading has-text-align-center\"><strong>Hogyan seg\u00edthet\u00fcnk gyermek\u00fcnknek?<\/strong><\/h2>\n\n\n\n<figure class=\"wp-block-image aligncenter size-full\"><img decoding=\"async\" width=\"700\" height=\"400\" src=\"https:\/\/gyermeksebeszet.hu\/wp-content\/uploads\/2025\/01\/orvos-apolja-a-beteg-gyermeket.webp\" alt=\"Orvosi ellen\u0151rz\u00e9s \u00e9s gondos \u00e1pol\u00e1s\" class=\"wp-image-1009\" srcset=\"https:\/\/gyermeksebeszet.hu\/wp-content\/uploads\/2025\/01\/orvos-apolja-a-beteg-gyermeket.webp 700w, https:\/\/gyermeksebeszet.hu\/wp-content\/uploads\/2025\/01\/orvos-apolja-a-beteg-gyermeket-18x10.webp 18w\" sizes=\"(max-width: 700px) 100vw, 700px\" \/><figcaption class=\"wp-element-caption\">Orvosi ellen\u0151rz\u00e9s \u00e9s gondos \u00e1pol\u00e1s<\/figcaption><\/figure>\n\n\n\n<p class=\"has-text-align-center\">A legt\u00f6bb k\u00f6ld\u00f6ks\u00e9rv kezel\u00e9s n\u00e9lk\u00fcl megold\u00f3dik, de \u00e9rdemes rendszeresen ellen\u0151rizni, hogy minden rendben van-e. A k\u00f6ld\u00f6k tiszt\u00e1n \u00e9s sz\u00e1razon tart\u00e1sa a kulcsa annak, hogy megel\u0151zz\u00fck a fert\u0151z\u00e9seket. Fontos, hogy a sz\u00fcl\u0151k ker\u00fclj\u00e9k az olyan h\u00e1zi praktik\u00e1kat, mint p\u00e9ld\u00e1ul a k\u00f6ld\u00f6k leragaszt\u00e1sa, mivel ez nemcsak hat\u00e1stalan, de irrit\u00e1ci\u00f3t vagy fert\u0151z\u00e9st is okozhat.<\/p>\n\n\n\n<p class=\"has-text-align-center\">Helyette a gyermekorvos javaslatai szerint v\u00e9gezz\u00fck el a k\u00f6ld\u00f6k tiszt\u00edt\u00e1s\u00e1t k\u00edm\u00e9l\u0151 fert\u0151tlen\u00edt\u0151szerekkel. A rendszeres f\u00fcrdet\u00e9s sor\u00e1n \u00fcgyelj\u00fcnk arra, hogy a k\u00f6ld\u00f6k ne \u00e1zzon fel t\u00falzottan, \u00e9s mindig alaposan sz\u00e1r\u00edtsuk meg. Ha b\u00e1rmilyen szokatlan duzzanatot, kem\u00e9nyed\u00e9st vagy v\u00e1lad\u00e9koz\u00e1st \u00e9szlel\u00fcnk, azonnal forduljunk szakemberhez.<\/p>\n\n\n\n<p class=\"has-text-align-center\">Az orvosi ellen\u0151rz\u00e9s \u00e9s a gondos \u00e1pol\u00e1s biztos\u00edtja, hogy a k\u00f6ld\u00f6ks\u00e9rv spont\u00e1n gy\u00f3gyul\u00e1sa komplik\u00e1ci\u00f3mentesen t\u00f6rt\u00e9njen.<\/p>\n\n\n\n<h3 class=\"wp-block-heading\" id=\"mit-tehetunk-otthon\"><strong>Mit tehet\u00fcnk otthon?<\/strong><\/h3>\n\n\n\n<ul class=\"wp-block-list\">\n<li>Ker\u00fclj\u00fck az alkoholos fert\u0151tlen\u00edt\u0151szereket \u00e9s hint\u0151port!<\/li>\n\n\n\n<li>Haszn\u00e1ljunk k\u00edm\u00e9letes fert\u0151tlen\u00edt\u0151szert, p\u00e9ld\u00e1ul <a href=\"https:\/\/octenisept.hu\/\" data-type=\"link\" data-id=\"https:\/\/octenisept.hu\/\" target=\"_blank\" rel=\"noopener\">Octenisept<\/a>et.<\/li>\n\n\n\n<li>Figyelj\u00fck a k\u00f6ld\u00f6k k\u00f6r\u00fcli b\u0151rp\u00edrt, \u00e9s ha a duzzanat nem m\u00falik, konzult\u00e1ljunk gyermekorvossal.<\/li>\n<\/ul>\n\n\n\n<h2 class=\"wp-block-heading has-text-align-center\"><strong>A sz\u00fcl\u0151k l\u00e9p\u00e9sei a gyermek\u00fck eg\u00e9szs\u00e9g\u00e9\u00e9rt<\/strong><\/h2>\n\n\n\n<p class=\"has-text-align-center\">A k\u00f6ld\u00f6ks\u00e9rv \u00e9s a v\u00e1lad\u00e9koz\u00f3 k\u00f6ld\u00f6k kezel\u00e9se egyszer\u0171bb, mint gondoln\u00e1nk, ha id\u0151ben \u00e9szlelj\u00fck a probl\u00e9m\u00e1t. A rendszeres orvosi ellen\u0151rz\u00e9s \u00e9s az otthoni \u00e1pol\u00e1s kombin\u00e1ci\u00f3ja biztos\u00edtja gyermek\u00fcnk eg\u00e9szs\u00e9g\u00e9t.<\/p>\n\n\n\n<p class=\"has-text-align-center\">Az id\u0151ben meghozott l\u00e9p\u00e9sek seg\u00edtenek megel\u0151zni a s\u00falyosabb sz\u00f6v\u0151dm\u00e9nyeket, p\u00e9ld\u00e1ul a fert\u0151z\u00e9seket vagy a s\u00e9rv becs\u00edp\u0151d\u00e9s\u00e9t, amely ritka, de komoly beavatkoz\u00e1st ig\u00e9nyelhet. Az orvos ir\u00e1nymutat\u00e1sa alapj\u00e1n az otthoni higi\u00e9niai szok\u00e1sok, mint p\u00e9ld\u00e1ul a k\u00f6ld\u00f6k rendszeres tiszt\u00edt\u00e1sa \u00e9s sz\u00e1razon tart\u00e1sa, kulcsfontoss\u00e1g\u00faak.<\/p>\n\n\n\n<p class=\"has-text-align-center\">Ugyanakkor \u00e9rdemes tiszt\u00e1ban lenni azzal is, hogy a sz\u00fcl\u0151k megfigyel\u00e9se d\u00f6nt\u0151 szerepet j\u00e1tszik a gy\u00f3gyul\u00e1si folyamatban \u2013 minden apr\u00f3 v\u00e1ltoz\u00e1s vagy szokatlan t\u00fcnet \u00e9rt\u00e9kes inform\u00e1ci\u00f3 lehet az orvos sz\u00e1m\u00e1ra.<\/p>\n\n\n\n<p class=\"has-text-align-center\">Az egy\u00fcttm\u0171k\u00f6d\u00e9s \u00e9s a tudatos \u00e1pol\u00e1s nemcsak a gyermek eg\u00e9szs\u00e9g\u00e9t, hanem a sz\u00fcl\u0151k nyugalm\u00e1t is biztos\u00edtja, hiszen tudhatj\u00e1k, hogy mindent megtettek a legjobb eredm\u00e9ny \u00e9rdek\u00e9ben.<\/p>\n\n\n\n<p class=\"has-text-align-center\"><strong>Ne feledd:<\/strong> ha a k\u00f6ld\u00f6ks\u00e9rv nem m\u00falik el h\u00e1rom\u00e9ves korig, vagy a k\u00f6ld\u00f6k v\u00e1lad\u00e9koz\u00e1sa nem csillapodik, keress fel egy szakembert! Gyermek\u00fcnk mosolya mindenn\u00e9l t\u00f6bbet \u00e9r, \u00e9s az eg\u00e9szs\u00e9ge a legfontosabb.<\/p>\n\n\n\n<p class=\"has-text-align-center\">Az id\u0151ben t\u00f6rt\u00e9n\u0151 orvosi beavatkoz\u00e1s nemcsak a gyorsabb gy\u00f3gyul\u00e1st seg\u00edti el\u0151, hanem megel\u0151zheti a k\u00e9s\u0151bbi komplik\u00e1ci\u00f3kat is. Az alapos vizsg\u00e1lat sor\u00e1n az orvos kiz\u00e1rhatja a s\u00falyosabb probl\u00e9m\u00e1kat, p\u00e9ld\u00e1ul egy esetleges fert\u0151z\u00e9st vagy a s\u00e9rv becs\u00edp\u0151d\u00e9s\u00e9t.<\/p>\n\n\n\n<p class=\"has-text-align-center\">Mindig jobb a biztos tud\u00e1sra alapozni, mint tal\u00e1lgatni, hiszen ez megnyugtat\u00f3bb a sz\u00fcl\u0151k sz\u00e1m\u00e1ra is. Emellett a szak\u00e9rt\u0151i tan\u00e1csok hasznos \u00fatmutat\u00e1st ny\u00fajthatnak az otthoni \u00e1pol\u00e1shoz \u00e9s a tov\u00e1bbi l\u00e9p\u00e9sekhez.<\/p>\n\n\n\n<p class=\"has-text-align-center\">Eml\u00e9kezz\u00fcnk: a legapr\u00f3bb figyelmess\u00e9g \u00e9s t\u00f6r\u0151d\u00e9s is hozz\u00e1j\u00e1rulhat ahhoz, hogy gyermek\u00fcnk eg\u00e9szs\u00e9ges \u00e9s boldog legyen.<\/p>\n\n\n\n<p class=\"has-text-align-center\">Az \u0151 j\u00f3l\u00e9t\u00e9\u00e9rt tett er\u0151fesz\u00edt\u00e9seink mindig kifizet\u0151dnek.<\/p>\n\n\n\n<h2 class=\"wp-block-heading has-text-align-center\"><strong>Gyakori k\u00e9rd\u00e9sek \u00e9s azok megv\u00e1laszol\u00e1sa k\u00f6ld\u00f6ks\u00e9rv, v\u00e1lad\u00e9koz\u00f3 k\u00f6ld\u00f6k t\u00e9mak\u00f6rben<\/strong><\/h2>\n\n\n<div id=\"rank-math-faq\" class=\"rank-math-block\" style=\"text-align:center\">\n<div class=\"rank-math-list\">\n<div id=\"faq-question-1737053499795\" class=\"rank-math-list-item\">\n<h3 class=\"rank-math-question\"><strong>Hogyan lehet megel\u0151zni a k\u00f6ld\u00f6ks\u00e9rv kialakul\u00e1s\u00e1t gyermekekn\u00e9l?<\/strong><\/h3>\n<div class=\"rank-math-answer\">\n\n<p>A k\u00f6ld\u00f6ks\u00e9rv kialakul\u00e1sa \u00e1ltal\u00e1ban velesz\u00fcletett \u00e1llapot, \u00edgy a teljes megel\u0151z\u00e9se nem mindig lehets\u00e9ges. Azonban vannak l\u00e9p\u00e9sek, amelyek seg\u00edthetnek cs\u00f6kkenteni a s\u00e9rv s\u00falyosbod\u00e1s\u00e1nak kock\u00e1zat\u00e1t. Fontos, hogy a csecsem\u0151k \u00e9s kisgyermekek hasfal\u00e1t ne \u00e9rje t\u00falzott terhel\u00e9s, p\u00e9ld\u00e1ul er\u0151teljes s\u00edr\u00e1s vagy sz\u00e9kreked\u00e9s miatti er\u0151lk\u00f6d\u00e9s sor\u00e1n. A rendszeres \u00e9s kiegyens\u00falyozott t\u00e1pl\u00e1lkoz\u00e1s seg\u00edthet elker\u00fclni a sz\u00e9kreked\u00e9st, m\u00edg a megfelel\u0151 hidrat\u00e1ci\u00f3 szint\u00e9n el\u0151seg\u00edti az em\u00e9szt\u0151rendszer eg\u00e9szs\u00e9g\u00e9t. A sz\u00fcl\u0151knek figyelni\u00fck kell a k\u00f6ld\u00f6k megfelel\u0151 tiszt\u00e1n tart\u00e1s\u00e1ra is, hogy elker\u00fclj\u00e9k az irrit\u00e1ci\u00f3t vagy fert\u0151z\u00e9seket, amelyek ronthatj\u00e1k az \u00e1llapotot. Ha a s\u00e9rv m\u00e1r kialakult, a gyermekorvos utas\u00edt\u00e1sainak k\u00f6vet\u00e9se elengedhetetlen a tov\u00e1bbi probl\u00e9m\u00e1k megel\u0151z\u00e9se \u00e9rdek\u00e9ben.<\/p>\n\n<\/div>\n<\/div>\n<div id=\"faq-question-1737053539715\" class=\"rank-math-list-item\">\n<h3 class=\"rank-math-question\"><strong>Milyen korban kezd\u0151dik a k\u00f6ld\u00f6ks\u00e9rv gyermekkorban?<\/strong><\/h3>\n<div class=\"rank-math-answer\">\n\n<p>A k\u00f6ld\u00f6ks\u00e9rv \u00e1ltal\u00e1ban \u00fajsz\u00fcl\u00f6tt korban kezd\u0151dik, \u00e9s leggyakrabban a sz\u00fclet\u00e9s ut\u00e1n hamar \u00e9szlelhet\u0151. Ez az \u00e1llapot velesz\u00fcletett, mivel a k\u00f6ld\u00f6kr\u00e9sz kialakul\u00e1sakor a hasfal izmai nem z\u00e1r\u00f3dnak \u00f6ssze teljesen. A legt\u00f6bb esetben a k\u00f6ld\u00f6ks\u00e9rvet a sz\u00fcl\u0151k a gyermek els\u0151 \u00e9let\u00e9v\u00e9ben fedezik fel, k\u00fcl\u00f6n\u00f6sen akkor, amikor a baba s\u00edr vagy k\u00f6h\u00f6g, \u00e9s a s\u00e9rv kit\u00fcremked\u00e9se l\u00e1that\u00f3v\u00e1 v\u00e1lik. B\u00e1r az \u00fajsz\u00fcl\u00f6ttekn\u00e9l a s\u00e9rv gyakori, az esetek t\u00f6bbs\u00e9g\u00e9ben nem ig\u00e9nyel s\u00fcrg\u0151s orvosi beavatkoz\u00e1st. Fontos azonban, hogy a sz\u00fcl\u0151k megfigyelj\u00e9k a s\u00e9rv m\u00e9ret\u00e9t \u00e9s esetleges v\u00e1ltoz\u00e1sait, k\u00fcl\u00f6n\u00f6sen a gyermek n\u00f6veked\u00e9se sor\u00e1n.<\/p>\n\n<\/div>\n<\/div>\n<div id=\"faq-question-1737053566612\" class=\"rank-math-list-item\">\n<h3 class=\"rank-math-question\"><strong>A k\u00f6ld\u00f6ks\u00e9rv milyen t\u00fcnetekkel j\u00e1rhat gyermekekn\u00e9l?<\/strong><\/h3>\n<div class=\"rank-math-answer\">\n\n<p>A k\u00f6ld\u00f6ks\u00e9rv legjellegzetesebb t\u00fcnete a k\u00f6ld\u00f6k ter\u00fclet\u00e9n megjelen\u0151 el\u0151domborod\u00e1s vagy duzzanat, amely k\u00fcl\u00f6n\u00f6sen akkor v\u00e1lik l\u00e1that\u00f3v\u00e1, amikor a gyermek s\u00edr, k\u00f6h\u00f6g vagy er\u0151lk\u00f6dik. Ez a duzzanat \u00e1ltal\u00e1ban nem j\u00e1r f\u00e1jdalommal, \u00e9s a legt\u00f6bb esetben a s\u00e9rv visszanyomhat\u00f3 a has\u00fcregbe. S\u00falyosabb esetekben azonban a s\u00e9rv kem\u00e9nny\u00e9 v\u00e1lhat, vagy f\u00e1jdalmass\u00e1 is v\u00e1lhat, ami azonnali orvosi beavatkoz\u00e1st ig\u00e9nyelhet. Ritk\u00e1n el\u0151fordulhat, hogy a s\u00e9rv nem nyomhat\u00f3 vissza, vagy a k\u00f6rnyez\u0151 b\u0151r gyulladtt\u00e1 v\u00e1lik. Ezek a t\u00fcnetek a s\u00e9rv becs\u00edp\u0151d\u00e9s\u00e9t jelezhetik, amely vesz\u00e9lyes lehet, \u00e9s seb\u00e9szeti ell\u00e1t\u00e1st ig\u00e9nyel.<\/p>\n\n<\/div>\n<\/div>\n<div id=\"faq-question-1737053637282\" class=\"rank-math-list-item\">\n<h3 class=\"rank-math-question\"><strong>A Spitzy-m\u0171t\u00e9t milyen esetekben javasolt gyermekekn\u00e9l?<\/strong><\/h3>\n<div class=\"rank-math-answer\">\n\n<p>A Spitzy-m\u0171t\u00e9tet \u00e1ltal\u00e1ban akkor javasolj\u00e1k, ha a k\u00f6ld\u00f6ks\u00e9rv \u00f6t \u00e9ves korig nem z\u00e1r\u00f3dik be spont\u00e1n, vagy ha a s\u00e9rv becs\u00edp\u0151dik, \u00e9s sz\u00f6v\u0151dm\u00e9nyek l\u00e9pnek fel. A m\u0171t\u00e9t c\u00e9lja, hogy meger\u0151s\u00edtse a hasfal izmait \u00e9s helyre\u00e1ll\u00edtsa a k\u00f6ld\u00f6k norm\u00e1lis szerkezet\u00e9t. Ez az elj\u00e1r\u00e1s minim\u00e1lisan invaz\u00edv, \u00e9s a gyermekek t\u00f6bbs\u00e9ge gyorsan fel\u00e9p\u00fcl ut\u00e1na. Az orvosok akkor is javasolhatj\u00e1k a beavatkoz\u00e1st, ha a s\u00e9rv m\u00e9rete jelent\u0151sen n\u00f6vekszik, vagy ha a sz\u00fcl\u0151k eszt\u00e9tikai okokb\u00f3l szeretn\u00e9k korrig\u00e1ltatni a k\u00f6ld\u00f6ks\u00e9rvet. A m\u0171t\u00e9t biztons\u00e1gos \u00e9s hat\u00e9kony megold\u00e1st ny\u00fajt, ha a s\u00e9rv nem old\u00f3dik meg mag\u00e1t\u00f3l, vagy ha sz\u00f6v\u0151dm\u00e9nyeket okoz.<\/p>\n\n<\/div>\n<\/div>\n<div id=\"faq-question-1737053666938\" class=\"rank-math-list-item\">\n<h3 class=\"rank-math-question\"><strong>A k\u00f6ld\u00f6ks\u00e9rv gyermekkorban milyen gyakoris\u00e1ggal fordul el\u0151?<\/strong><\/h3>\n<div class=\"rank-math-answer\">\n\n<p>A k\u00f6ld\u00f6ks\u00e9rv rendk\u00edv\u00fcl gyakori gyermekkorban, k\u00fcl\u00f6n\u00f6sen az \u00fajsz\u00fcl\u00f6ttekn\u00e9l \u00e9s a korasz\u00fcl\u00f6ttekn\u00e9l. Az \u00fajsz\u00fcl\u00f6ttek k\u00f6r\u00fclbel\u00fcl 10-20%-\u00e1n\u00e1l fordul el\u0151, a korasz\u00fcl\u00f6ttek eset\u00e9ben pedig m\u00e9g magasabb ez az ar\u00e1ny. A s\u00e9rv kialakul\u00e1s\u00e1nak val\u00f3sz\u00edn\u0171s\u00e9ge nagyobb azokn\u00e1l a bab\u00e1kn\u00e1l, akiknek alacsony a sz\u00fclet\u00e9si s\u00falyuk, vagy akikn\u00e9l a hasfal nem z\u00e1r\u00f3dott \u00f6ssze teljesen. A legt\u00f6bb esetben a s\u00e9rv mag\u00e1t\u00f3l gy\u00f3gyul az els\u0151 n\u00e9h\u00e1ny \u00e9v sor\u00e1n, de fontos, hogy a sz\u00fcl\u0151k figyelemmel k\u00eds\u00e9rj\u00e9k a gyermek fejl\u0151d\u00e9s\u00e9t, \u00e9s sz\u00fcks\u00e9g eset\u00e9n konzult\u00e1ljanak orvossal. B\u00e1r a k\u00f6ld\u00f6ks\u00e9rv gyakori, a s\u00falyos sz\u00f6v\u0151dm\u00e9nyek ritk\u00e1k, ha a megfelel\u0151 figyelmet \u00e9s gondoskod\u00e1st biztos\u00edtjuk.<\/p>\n\n<\/div>\n<\/div>\n<\/div>\n<\/div>\n\n\n<h2 class=\"wp-block-heading has-text-align-center\">Van k\u00e9rd\u00e9se, vagy agg\u00f3dik gyermek\u00e9\u00e9rt? Keressen bizalommal!<\/h2>\n\n\n\n<div class=\"wp-block-media-text is-stacked-on-mobile\"><figure class=\"wp-block-media-text__media\"><img decoding=\"async\" width=\"830\" height=\"1005\" src=\"https:\/\/gyermeksebeszet.hu\/wp-content\/uploads\/2023\/11\/dr-sasi-szabo-laszlo-gyermeksebesz.jpg\" alt=\"Dr. Sasi Szab\u00f3 L\u00e1szl\u00f3 gyermekseb\u00e9sz\" class=\"wp-image-834 size-full\" srcset=\"https:\/\/gyermeksebeszet.hu\/wp-content\/uploads\/2023\/11\/dr-sasi-szabo-laszlo-gyermeksebesz.jpg 830w, https:\/\/gyermeksebeszet.hu\/wp-content\/uploads\/2023\/11\/dr-sasi-szabo-laszlo-gyermeksebesz-578x700.jpg 578w, https:\/\/gyermeksebeszet.hu\/wp-content\/uploads\/2023\/11\/dr-sasi-szabo-laszlo-gyermeksebesz-768x930.jpg 768w, https:\/\/gyermeksebeszet.hu\/wp-content\/uploads\/2023\/11\/dr-sasi-szabo-laszlo-gyermeksebesz-10x12.jpg 10w\" sizes=\"(max-width: 830px) 100vw, 830px\" \/><\/figure><div class=\"wp-block-media-text__content\">\n<p>Dr. Sasi Szab\u00f3 L\u00e1szl\u00f3 vagyok gyermekseb\u00e9sz f\u0151orvos t\u00f6bb \u00e9vtizedes tapasztalattal, t\u00fcrelemmel \u00e9s emp\u00e1ti\u00e1val seg\u00edtek a gyermekek k\u00f6ld\u00f6ks\u00e9rv\u00e9nek felismer\u00e9s\u00e9ben \u00e9s kezel\u00e9s\u00e9ben. Ha bizonytalan, vagy azonnali seg\u00edts\u00e9gre van sz\u00fcks\u00e9ge, ne habozzon felkeresni!<\/p>\n\n\n\n<h3 class=\"wp-block-heading\" id=\"elerhetosegek\">El\u00e9rhet\u0151s\u00e9gek:<\/h3>\n\n\n\n<ul class=\"wp-block-list\">\n<li><strong>Debreceni Gyermekklinika Seb\u00e9szeti szakrendel\u00e9s:<\/strong><br>El\u0151jegyz\u00e9s: +36 52 411 717 \/54281<br>E-mail:\u00a0dekkgyermeksebeszet@gmail.com<\/li>\n\n\n\n<li><strong><a href=\"https:\/\/medicall.cc\/idopontfoglalas\/prestigehospital\/doctors?specializationId=50939\" target=\"_blank\" rel=\"noreferrer noopener\">Prestige Hospital \u2013 Ny\u00edregyh\u00e1za<\/a>:<\/strong><br>Telefon: +36 42 512-990<br>E-mail:\u00a0info@prestigehospital.hu<\/li>\n\n\n\n<li><a href=\"https:\/\/gyermeksebeszet.hu\/en\/kapcsolat\/\">Vagy a kapcsolati oldalamon<\/a><\/li>\n<\/ul>\n<\/div><\/div>\n\n\n\n<h2 class=\"wp-block-heading has-text-align-center\"><strong>Rendel\u00e9seim el\u00e9rhet\u0151ek Debrecenben \u00e9s Ny\u00edregyh\u00e1z\u00e1n is!<\/strong><\/h2>\n\n\n\n<p class=\"has-text-align-center\"><strong>Ne v\u00e1rjon, ha gyermek\u00e9n\u00e9l k\u00f6ld\u00f6ks\u00e9rv t\u00fcneteit \u00e9szleli \u2013 k\u00e9rjen id\u0151pontot m\u00e9g ma!<\/strong><\/p>\n\n\n\n<p class=\"has-text-align-center\"><strong>Gyermeke eg\u00e9szs\u00e9ge a legfontosabb!<\/strong><\/p>","protected":false},"excerpt":{"rendered":"<p>Agg\u00f3dsz gyermeked k\u00f6ld\u00f6ks\u00e9rv\u00e9nek kezel\u00e9se miatt? Ismerj meg minden fontos tudnival\u00f3t a t\u00fcnetekr\u0151l, kezel\u00e9si lehet\u0151s\u00e9gekr\u0151l \u00e9s a m\u0171t\u00e9ti beavatkoz\u00e1sokr\u00f3l!<\/p>","protected":false},"author":1,"featured_media":1006,"comment_status":"open","ping_status":"open","sticky":false,"template":"","format":"standard","meta":{"footnotes":""},"categories":[28],"tags":[27],"class_list":["post-1004","post","type-post","status-publish","format-standard","has-post-thumbnail","hentry","category-koldokserv","tag-koldokserv"],"_links":{"self":[{"href":"https:\/\/gyermeksebeszet.hu\/en\/wp-json\/wp\/v2\/posts\/1004","targetHints":{"allow":["GET"]}}],"collection":[{"href":"https:\/\/gyermeksebeszet.hu\/en\/wp-json\/wp\/v2\/posts"}],"about":[{"href":"https:\/\/gyermeksebeszet.hu\/en\/wp-json\/wp\/v2\/types\/post"}],"author":[{"embeddable":true,"href":"https:\/\/gyermeksebeszet.hu\/en\/wp-json\/wp\/v2\/users\/1"}],"replies":[{"embeddable":true,"href":"https:\/\/gyermeksebeszet.hu\/en\/wp-json\/wp\/v2\/comments?post=1004"}],"version-history":[{"count":3,"href":"https:\/\/gyermeksebeszet.hu\/en\/wp-json\/wp\/v2\/posts\/1004\/revisions"}],"predecessor-version":[{"id":1011,"href":"https:\/\/gyermeksebeszet.hu\/en\/wp-json\/wp\/v2\/posts\/1004\/revisions\/1011"}],"wp:featuredmedia":[{"embeddable":true,"href":"https:\/\/gyermeksebeszet.hu\/en\/wp-json\/wp\/v2\/media\/1006"}],"wp:attachment":[{"href":"https:\/\/gyermeksebeszet.hu\/en\/wp-json\/wp\/v2\/media?parent=1004"}],"wp:term":[{"taxonomy":"category","embeddable":true,"href":"https:\/\/gyermeksebeszet.hu\/en\/wp-json\/wp\/v2\/categories?post=1004"},{"taxonomy":"post_tag","embeddable":true,"href":"https:\/\/gyermeksebeszet.hu\/en\/wp-json\/wp\/v2\/tags?post=1004"}],"curies":[{"name":"wp","href":"https:\/\/api.w.org\/{rel}","templated":true}]}}